{"id":50820,"date":"2026-09-01T08:09:01","date_gmt":"2026-09-01T11:09:01","guid":{"rendered":"http:\/\/fmdelpueblo.ar\/?p=50820"},"modified":"2026-09-01T08:09:01","modified_gmt":"2026-09-01T11:09:01","slug":"una-mujer-y-su-hijo-de-9-anos-murieron-en-palermo-por-intoxicacion-con-monoxido-de-carbono","status":"publish","type":"post","link":"http:\/\/fmdelpueblo.ar\/?p=50820","title":{"rendered":"Una mujer y su hijo de 9 a\u00f1os murieron en Palermo por intoxicaci\u00f3n con mon\u00f3xido de carbono"},"content":{"rendered":"<p>El hecho ocurri\u00f3 este lunes por la noche en el segundo piso de un edificio de avenida C\u00f3rdoba al 4600.Una adolescente fue rescatada y qued\u00f3 internada.<\/p>","protected":false},"excerpt":{"rendered":"<p>El hecho ocurri\u00f3 este lunes por la noche en el segundo piso de un edificio de avenida C\u00f3rdoba al 4600.Una adolescente fue rescatada y qued\u00f3 internada.<\/p>\n","protected":false},"author":0,"featured_media":0,"comment_status":"","ping_status":"","sticky":false,"template":"","format":"standard","meta":{"footnotes":""},"categories":[1],"tags":[],"class_list":["post-50820","post","type-post","status-publish","format-standard","has-post-thumbnail","hentry","category-sin-categoria"],"_links":{"self":[{"href":"http:\/\/fmdelpueblo.ar\/index.php?rest_route=\/wp\/v2\/posts\/50820","targetHints":{"allow":["GET"]}}],"collection":[{"href":"http:\/\/fmdelpueblo.ar\/index.php?rest_route=\/wp\/v2\/posts"}],"about":[{"href":"http:\/\/fmdelpueblo.ar\/index.php?rest_route=\/wp\/v2\/types\/post"}],"replies":[{"embeddable":true,"href":"http:\/\/fmdelpueblo.ar\/index.php?rest_route=%2Fwp%2Fv2%2Fcomments&post=50820"}],"version-history":[{"count":0,"href":"http:\/\/fmdelpueblo.ar\/index.php?rest_route=\/wp\/v2\/posts\/50820\/revisions"}],"wp:attachment":[{"href":"http:\/\/fmdelpueblo.ar\/index.php?rest_route=%2Fwp%2Fv2%2Fmedia&parent=50820"}],"wp:term":[{"taxonomy":"category","embeddable":true,"href":"http:\/\/fmdelpueblo.ar\/index.php?rest_route=%2Fwp%2Fv2%2Fcategories&post=50820"},{"taxonomy":"post_tag","embeddable":true,"href":"http:\/\/fmdelpueblo.ar\/index.php?rest_route=%2Fwp%2Fv2%2Ftags&post=50820"}],"curies":[{"name":"wp","href":"https:\/\/api.w.org\/{rel}","templated":true}]}}