{"id":50804,"date":"2026-09-01T06:09:05","date_gmt":"2026-09-01T09:09:05","guid":{"rendered":"http:\/\/fmdelpueblo.ar\/?p=50804"},"modified":"2026-09-01T06:09:05","modified_gmt":"2026-09-01T09:09:05","slug":"la-reflexion-de-albert-einstein-que-remueve-conciencias-la-paz-no-se-puede-mantener-por-la-fuerza-solo-se-puede-conseguir-por-la-comprension","status":"publish","type":"post","link":"http:\/\/fmdelpueblo.ar\/?p=50804","title":{"rendered":"La reflexi\u00f3n de Albert Einstein que remueve conciencias: \u00abLa paz no se puede mantener por la fuerza; solo se puede conseguir por la comprensi\u00f3n\u00bb"},"content":{"rendered":"<p>El f\u00edsico que revolucion\u00f3 la ciencia dedic\u00f3 buena parte de su vida a advertir sobre algo mucho m\u00e1s urgente que sus propias ecuaciones.<\/p>","protected":false},"excerpt":{"rendered":"<p>El f\u00edsico que revolucion\u00f3 la ciencia dedic\u00f3 buena parte de su vida a advertir sobre algo mucho m\u00e1s urgente que sus propias ecuaciones.<\/p>\n","protected":false},"author":0,"featured_media":0,"comment_status":"","ping_status":"","sticky":false,"template":"","format":"standard","meta":{"footnotes":""},"categories":[1],"tags":[],"class_list":["post-50804","post","type-post","status-publish","format-standard","has-post-thumbnail","hentry","category-sin-categoria"],"_links":{"self":[{"href":"http:\/\/fmdelpueblo.ar\/index.php?rest_route=\/wp\/v2\/posts\/50804","targetHints":{"allow":["GET"]}}],"collection":[{"href":"http:\/\/fmdelpueblo.ar\/index.php?rest_route=\/wp\/v2\/posts"}],"about":[{"href":"http:\/\/fmdelpueblo.ar\/index.php?rest_route=\/wp\/v2\/types\/post"}],"replies":[{"embeddable":true,"href":"http:\/\/fmdelpueblo.ar\/index.php?rest_route=%2Fwp%2Fv2%2Fcomments&post=50804"}],"version-history":[{"count":0,"href":"http:\/\/fmdelpueblo.ar\/index.php?rest_route=\/wp\/v2\/posts\/50804\/revisions"}],"wp:attachment":[{"href":"http:\/\/fmdelpueblo.ar\/index.php?rest_route=%2Fwp%2Fv2%2Fmedia&parent=50804"}],"wp:term":[{"taxonomy":"category","embeddable":true,"href":"http:\/\/fmdelpueblo.ar\/index.php?rest_route=%2Fwp%2Fv2%2Fcategories&post=50804"},{"taxonomy":"post_tag","embeddable":true,"href":"http:\/\/fmdelpueblo.ar\/index.php?rest_route=%2Fwp%2Fv2%2Ftags&post=50804"}],"curies":[{"name":"wp","href":"https:\/\/api.w.org\/{rel}","templated":true}]}}