{"id":508,"date":"2021-10-30T19:15:55","date_gmt":"2021-10-30T19:15:55","guid":{"rendered":"https:\/\/fmdelpueblo.ar\/?p=508"},"modified":"2021-10-30T19:15:55","modified_gmt":"2021-10-30T19:15:55","slug":"elisa-carrio-recibio-el-alta-medica-tras-descompensarse-estoy-bien-descansando","status":"publish","type":"post","link":"http:\/\/fmdelpueblo.ar\/?p=508","title":{"rendered":"Elisa Carri\u00f3 recibi\u00f3 el alta m\u00e9dica tras descompensarse: \u00abEstoy bien, descansando\u00bb"},"content":{"rendered":"<\/p>\n<p>La ex diputada se retir\u00f3 pasado el mediod\u00eda del Sanatorio Belgrano tras unas serie de estudios luego de permanecer una noche internada en el centro m\u00e9dico de la localidad balnearia. <a href=\"https:\/\/www.perfil.com\/noticias\/actualidad\/elisa-carrio-recibio-alta-medica-tras-descompensarse-mar-del-plata-estoy-bien-descansando.phtml\">Leer m\u00e1s<\/a><\/p>\n","protected":false},"excerpt":{"rendered":"<p>La ex diputada se retir\u00f3 pasado el mediod\u00eda del Sanatorio Belgrano tras unas serie de estudios luego de permanecer una noche internada en el centro m\u00e9dico de la localidad balnearia. Leer m\u00e1s<\/p>\n","protected":false},"author":0,"featured_media":0,"comment_status":"","ping_status":"","sticky":false,"template":"","format":"standard","meta":{"footnotes":""},"categories":[1],"tags":[],"class_list":["post-508","post","type-post","status-publish","format-standard","hentry","category-sin-categoria"],"_links":{"self":[{"href":"http:\/\/fmdelpueblo.ar\/index.php?rest_route=\/wp\/v2\/posts\/508","targetHints":{"allow":["GET"]}}],"collection":[{"href":"http:\/\/fmdelpueblo.ar\/index.php?rest_route=\/wp\/v2\/posts"}],"about":[{"href":"http:\/\/fmdelpueblo.ar\/index.php?rest_route=\/wp\/v2\/types\/post"}],"replies":[{"embeddable":true,"href":"http:\/\/fmdelpueblo.ar\/index.php?rest_route=%2Fwp%2Fv2%2Fcomments&post=508"}],"version-history":[{"count":0,"href":"http:\/\/fmdelpueblo.ar\/index.php?rest_route=\/wp\/v2\/posts\/508\/revisions"}],"wp:attachment":[{"href":"http:\/\/fmdelpueblo.ar\/index.php?rest_route=%2Fwp%2Fv2%2Fmedia&parent=508"}],"wp:term":[{"taxonomy":"category","embeddable":true,"href":"http:\/\/fmdelpueblo.ar\/index.php?rest_route=%2Fwp%2Fv2%2Fcategories&post=508"},{"taxonomy":"post_tag","embeddable":true,"href":"http:\/\/fmdelpueblo.ar\/index.php?rest_route=%2Fwp%2Fv2%2Ftags&post=508"}],"curies":[{"name":"wp","href":"https:\/\/api.w.org\/{rel}","templated":true}]}}