{"id":50777,"date":"2026-09-01T01:09:05","date_gmt":"2026-09-01T04:09:05","guid":{"rendered":"http:\/\/fmdelpueblo.ar\/?p=50777"},"modified":"2026-09-01T01:09:05","modified_gmt":"2026-09-01T04:09:05","slug":"murio-una-beba-y-detuvieron-a-su-tio-creen-que-se-le-escapo-un-tiro-mientras-manipulaba-un-arma","status":"publish","type":"post","link":"http:\/\/fmdelpueblo.ar\/?p=50777","title":{"rendered":"Muri\u00f3 una beba y detuvieron a su t\u00edo: creen que se le escap\u00f3 un tiro mientras manipulaba un arma"},"content":{"rendered":"<p>La ni\u00f1a muri\u00f3 poco despu\u00e9s de llegar al Hospital Evita de Lan\u00fas.Su madre, de 18 a\u00f1os, peleaba por su vida.<\/p>\n<p><\/p>","protected":false},"excerpt":{"rendered":"<p>La ni\u00f1a muri\u00f3 poco despu\u00e9s de llegar al Hospital Evita de Lan\u00fas.Su madre, de 18 a\u00f1os, peleaba por su vida.<\/p>\n","protected":false},"author":0,"featured_media":0,"comment_status":"","ping_status":"","sticky":false,"template":"","format":"standard","meta":{"footnotes":""},"categories":[1],"tags":[],"class_list":["post-50777","post","type-post","status-publish","format-standard","has-post-thumbnail","hentry","category-sin-categoria"],"_links":{"self":[{"href":"http:\/\/fmdelpueblo.ar\/index.php?rest_route=\/wp\/v2\/posts\/50777","targetHints":{"allow":["GET"]}}],"collection":[{"href":"http:\/\/fmdelpueblo.ar\/index.php?rest_route=\/wp\/v2\/posts"}],"about":[{"href":"http:\/\/fmdelpueblo.ar\/index.php?rest_route=\/wp\/v2\/types\/post"}],"replies":[{"embeddable":true,"href":"http:\/\/fmdelpueblo.ar\/index.php?rest_route=%2Fwp%2Fv2%2Fcomments&post=50777"}],"version-history":[{"count":0,"href":"http:\/\/fmdelpueblo.ar\/index.php?rest_route=\/wp\/v2\/posts\/50777\/revisions"}],"wp:attachment":[{"href":"http:\/\/fmdelpueblo.ar\/index.php?rest_route=%2Fwp%2Fv2%2Fmedia&parent=50777"}],"wp:term":[{"taxonomy":"category","embeddable":true,"href":"http:\/\/fmdelpueblo.ar\/index.php?rest_route=%2Fwp%2Fv2%2Fcategories&post=50777"},{"taxonomy":"post_tag","embeddable":true,"href":"http:\/\/fmdelpueblo.ar\/index.php?rest_route=%2Fwp%2Fv2%2Ftags&post=50777"}],"curies":[{"name":"wp","href":"https:\/\/api.w.org\/{rel}","templated":true}]}}