{"id":50773,"date":"2026-09-01T00:09:00","date_gmt":"2026-09-01T03:09:00","guid":{"rendered":"http:\/\/fmdelpueblo.ar\/?p=50773"},"modified":"2026-09-01T00:09:00","modified_gmt":"2026-09-01T03:09:00","slug":"la-seleccion-argentina-de-basquet-no-pudo-con-la-poderosa-canada-por-las-eliminatorias-al-mundial-de-qatar-2027","status":"publish","type":"post","link":"http:\/\/fmdelpueblo.ar\/?p=50773","title":{"rendered":"La Selecci\u00f3n Argentina de B\u00e1squet no pudo con la poderosa Canad\u00e1 por las Eliminatorias al Mundial de Qatar 2027"},"content":{"rendered":"<p>El equipo de Prigioni no pudo de visitante y perdi\u00f3 97-92 en Qu\u00e9bec.El triunfo de Uruguay ante Puerto Rico por 80-75 dej\u00f3 tercera a Argentina en el Grupo F de las Eliminatorias.<\/p>","protected":false},"excerpt":{"rendered":"<p>El equipo de Prigioni no pudo de visitante y perdi\u00f3 97-92 en Qu\u00e9bec.El triunfo de Uruguay ante Puerto Rico por 80-75 dej\u00f3 tercera a Argentina en el Grupo F de las Eliminatorias.<\/p>\n","protected":false},"author":0,"featured_media":0,"comment_status":"","ping_status":"","sticky":false,"template":"","format":"standard","meta":{"footnotes":""},"categories":[1],"tags":[],"class_list":["post-50773","post","type-post","status-publish","format-standard","has-post-thumbnail","hentry","category-sin-categoria"],"_links":{"self":[{"href":"http:\/\/fmdelpueblo.ar\/index.php?rest_route=\/wp\/v2\/posts\/50773","targetHints":{"allow":["GET"]}}],"collection":[{"href":"http:\/\/fmdelpueblo.ar\/index.php?rest_route=\/wp\/v2\/posts"}],"about":[{"href":"http:\/\/fmdelpueblo.ar\/index.php?rest_route=\/wp\/v2\/types\/post"}],"replies":[{"embeddable":true,"href":"http:\/\/fmdelpueblo.ar\/index.php?rest_route=%2Fwp%2Fv2%2Fcomments&post=50773"}],"version-history":[{"count":0,"href":"http:\/\/fmdelpueblo.ar\/index.php?rest_route=\/wp\/v2\/posts\/50773\/revisions"}],"wp:attachment":[{"href":"http:\/\/fmdelpueblo.ar\/index.php?rest_route=%2Fwp%2Fv2%2Fmedia&parent=50773"}],"wp:term":[{"taxonomy":"category","embeddable":true,"href":"http:\/\/fmdelpueblo.ar\/index.php?rest_route=%2Fwp%2Fv2%2Fcategories&post=50773"},{"taxonomy":"post_tag","embeddable":true,"href":"http:\/\/fmdelpueblo.ar\/index.php?rest_route=%2Fwp%2Fv2%2Ftags&post=50773"}],"curies":[{"name":"wp","href":"https:\/\/api.w.org\/{rel}","templated":true}]}}