{"id":50772,"date":"2026-09-01T00:09:00","date_gmt":"2026-09-01T03:09:00","guid":{"rendered":"http:\/\/fmdelpueblo.ar\/?p=50772"},"modified":"2026-09-01T00:09:00","modified_gmt":"2026-09-01T03:09:00","slug":"mueren-una-victima-del-doble-apunalamiento-aleatorio-en-times-square-y-la-agresora","status":"publish","type":"post","link":"http:\/\/fmdelpueblo.ar\/?p=50772","title":{"rendered":"Mueren una v\u00edctima del doble apu\u00f1alamiento \u00abaleatorio\u00bb en Times Square y la agresora"},"content":{"rendered":"<p>Un ataque en Times Square deja un fallecido y una herida tras ser apu\u00f1alados por una mujer con problemas mentales, quien fue abatida por la Polic\u00eda.La agresora, de 49 a\u00f1os, fue identificada como una residente de Queens con antecedentes de salud mental. Las autoridades descartan terrorismo.<\/p>","protected":false},"excerpt":{"rendered":"<p>Un ataque en Times Square deja un fallecido y una herida tras ser apu\u00f1alados por una mujer con problemas mentales, quien fue abatida por la Polic\u00eda.La agresora, de 49 a\u00f1os, fue identificada como una residente de Queens con antecedentes de salud mental. Las autoridades descartan terrorismo.<\/p>\n","protected":false},"author":0,"featured_media":0,"comment_status":"","ping_status":"","sticky":false,"template":"","format":"standard","meta":{"footnotes":""},"categories":[1],"tags":[],"class_list":["post-50772","post","type-post","status-publish","format-standard","has-post-thumbnail","hentry","category-sin-categoria"],"_links":{"self":[{"href":"http:\/\/fmdelpueblo.ar\/index.php?rest_route=\/wp\/v2\/posts\/50772","targetHints":{"allow":["GET"]}}],"collection":[{"href":"http:\/\/fmdelpueblo.ar\/index.php?rest_route=\/wp\/v2\/posts"}],"about":[{"href":"http:\/\/fmdelpueblo.ar\/index.php?rest_route=\/wp\/v2\/types\/post"}],"replies":[{"embeddable":true,"href":"http:\/\/fmdelpueblo.ar\/index.php?rest_route=%2Fwp%2Fv2%2Fcomments&post=50772"}],"version-history":[{"count":0,"href":"http:\/\/fmdelpueblo.ar\/index.php?rest_route=\/wp\/v2\/posts\/50772\/revisions"}],"wp:attachment":[{"href":"http:\/\/fmdelpueblo.ar\/index.php?rest_route=%2Fwp%2Fv2%2Fmedia&parent=50772"}],"wp:term":[{"taxonomy":"category","embeddable":true,"href":"http:\/\/fmdelpueblo.ar\/index.php?rest_route=%2Fwp%2Fv2%2Fcategories&post=50772"},{"taxonomy":"post_tag","embeddable":true,"href":"http:\/\/fmdelpueblo.ar\/index.php?rest_route=%2Fwp%2Fv2%2Ftags&post=50772"}],"curies":[{"name":"wp","href":"https:\/\/api.w.org\/{rel}","templated":true}]}}