{"id":50765,"date":"2026-08-31T23:09:22","date_gmt":"2026-09-01T02:09:22","guid":{"rendered":"https:\/\/fmdelpueblo.ar\/?p=50765"},"modified":"2026-08-31T23:09:22","modified_gmt":"2026-09-01T02:09:22","slug":"la-venta-de-autos-0-km-sigue-en-caida-cuales-fueron-los-10-modelos-mas-patentados-de-agosto","status":"publish","type":"post","link":"http:\/\/fmdelpueblo.ar\/?p=50765","title":{"rendered":"La venta de autos 0 km sigue en ca\u00edda: cu\u00e1les fueron los 10 modelos m\u00e1s patentados de agosto"},"content":{"rendered":"<p>En el octavo mes del a\u00f1o se registraron 44 mil veh\u00edculos nuevos, un 19% menos que en 2025.Los dos modelos m\u00e1s vendidos son de producci\u00f3n nacional, pero el 70% de lo patentado fue importado.<\/p>","protected":false},"excerpt":{"rendered":"<p>En el octavo mes del a\u00f1o se registraron 44 mil veh\u00edculos nuevos, un 19% menos que en 2025.Los dos modelos m\u00e1s vendidos son de producci\u00f3n nacional, pero el 70% de lo patentado fue importado.<\/p>\n","protected":false},"author":0,"featured_media":0,"comment_status":"","ping_status":"","sticky":false,"template":"","format":"standard","meta":{"footnotes":""},"categories":[1],"tags":[],"class_list":["post-50765","post","type-post","status-publish","format-standard","has-post-thumbnail","hentry","category-sin-categoria"],"_links":{"self":[{"href":"http:\/\/fmdelpueblo.ar\/index.php?rest_route=\/wp\/v2\/posts\/50765","targetHints":{"allow":["GET"]}}],"collection":[{"href":"http:\/\/fmdelpueblo.ar\/index.php?rest_route=\/wp\/v2\/posts"}],"about":[{"href":"http:\/\/fmdelpueblo.ar\/index.php?rest_route=\/wp\/v2\/types\/post"}],"replies":[{"embeddable":true,"href":"http:\/\/fmdelpueblo.ar\/index.php?rest_route=%2Fwp%2Fv2%2Fcomments&post=50765"}],"version-history":[{"count":0,"href":"http:\/\/fmdelpueblo.ar\/index.php?rest_route=\/wp\/v2\/posts\/50765\/revisions"}],"wp:attachment":[{"href":"http:\/\/fmdelpueblo.ar\/index.php?rest_route=%2Fwp%2Fv2%2Fmedia&parent=50765"}],"wp:term":[{"taxonomy":"category","embeddable":true,"href":"http:\/\/fmdelpueblo.ar\/index.php?rest_route=%2Fwp%2Fv2%2Fcategories&post=50765"},{"taxonomy":"post_tag","embeddable":true,"href":"http:\/\/fmdelpueblo.ar\/index.php?rest_route=%2Fwp%2Fv2%2Ftags&post=50765"}],"curies":[{"name":"wp","href":"https:\/\/api.w.org\/{rel}","templated":true}]}}