{"id":50764,"date":"2026-08-31T23:09:22","date_gmt":"2026-09-01T02:09:22","guid":{"rendered":"https:\/\/fmdelpueblo.ar\/?p=50764"},"modified":"2026-08-31T23:09:22","modified_gmt":"2026-09-01T02:09:22","slug":"bessent-se-reune-en-ee-uu-con-su-homologa-japonesa-un-mes-despues-de-intervenir-el-yen","status":"publish","type":"post","link":"http:\/\/fmdelpueblo.ar\/?p=50764","title":{"rendered":"Bessent se re\u00fane en EE.UU. con su hom\u00f3loga japonesa un mes despu\u00e9s de intervenir el yen"},"content":{"rendered":"<p>El secretario del Tesoro y la ministra de Finanzas japonesa dialogaron en Asheville sobre la estabilidad del yen tras la acci\u00f3n conjunta de julio.El encuentro tambi\u00e9n incluy\u00f3 al gobernador del banco central nip\u00f3n, destacando la necesidad de un compromiso fiscal firme.<\/p>","protected":false},"excerpt":{"rendered":"<p>El secretario del Tesoro y la ministra de Finanzas japonesa dialogaron en Asheville sobre la estabilidad del yen tras la acci\u00f3n conjunta de julio.El encuentro tambi\u00e9n incluy\u00f3 al gobernador del banco central nip\u00f3n, destacando la necesidad de un compromiso fiscal firme.<\/p>\n","protected":false},"author":0,"featured_media":0,"comment_status":"","ping_status":"","sticky":false,"template":"","format":"standard","meta":{"footnotes":""},"categories":[1],"tags":[],"class_list":["post-50764","post","type-post","status-publish","format-standard","has-post-thumbnail","hentry","category-sin-categoria"],"_links":{"self":[{"href":"http:\/\/fmdelpueblo.ar\/index.php?rest_route=\/wp\/v2\/posts\/50764","targetHints":{"allow":["GET"]}}],"collection":[{"href":"http:\/\/fmdelpueblo.ar\/index.php?rest_route=\/wp\/v2\/posts"}],"about":[{"href":"http:\/\/fmdelpueblo.ar\/index.php?rest_route=\/wp\/v2\/types\/post"}],"replies":[{"embeddable":true,"href":"http:\/\/fmdelpueblo.ar\/index.php?rest_route=%2Fwp%2Fv2%2Fcomments&post=50764"}],"version-history":[{"count":0,"href":"http:\/\/fmdelpueblo.ar\/index.php?rest_route=\/wp\/v2\/posts\/50764\/revisions"}],"wp:attachment":[{"href":"http:\/\/fmdelpueblo.ar\/index.php?rest_route=%2Fwp%2Fv2%2Fmedia&parent=50764"}],"wp:term":[{"taxonomy":"category","embeddable":true,"href":"http:\/\/fmdelpueblo.ar\/index.php?rest_route=%2Fwp%2Fv2%2Fcategories&post=50764"},{"taxonomy":"post_tag","embeddable":true,"href":"http:\/\/fmdelpueblo.ar\/index.php?rest_route=%2Fwp%2Fv2%2Ftags&post=50764"}],"curies":[{"name":"wp","href":"https:\/\/api.w.org\/{rel}","templated":true}]}}