{"id":50763,"date":"2026-08-31T23:09:21","date_gmt":"2026-09-01T02:09:21","guid":{"rendered":"https:\/\/fmdelpueblo.ar\/?p=50763"},"modified":"2026-08-31T23:09:21","modified_gmt":"2026-09-01T02:09:21","slug":"dimite-el-secretario-del-ejercito-de-ee-uu-tras-tensiones-con-el-secretario-de-guerra","status":"publish","type":"post","link":"http:\/\/fmdelpueblo.ar\/?p=50763","title":{"rendered":"Dimite el secretario del Ej\u00e9rcito de EE.UU. tras tensiones con el secretario de Guerra"},"content":{"rendered":"<p>El alto funcionario militar estadounidense present\u00f3 su renuncia tras choques internos por cambios en el liderazgo. Su salida deja vac\u00edos en el mando.La Casa Blanca a\u00fan no ha confirmado su aceptaci\u00f3n ni un posible sucesor, mientras se cuestionan decisiones recientes en la c\u00fapula militar.<\/p>","protected":false},"excerpt":{"rendered":"<p>El alto funcionario militar estadounidense present\u00f3 su renuncia tras choques internos por cambios en el liderazgo. Su salida deja vac\u00edos en el mando.La Casa Blanca a\u00fan no ha confirmado su aceptaci\u00f3n ni un posible sucesor, mientras se cuestionan decisiones recientes en la c\u00fapula militar.<\/p>\n","protected":false},"author":0,"featured_media":0,"comment_status":"","ping_status":"","sticky":false,"template":"","format":"standard","meta":{"footnotes":""},"categories":[1],"tags":[],"class_list":["post-50763","post","type-post","status-publish","format-standard","has-post-thumbnail","hentry","category-sin-categoria"],"_links":{"self":[{"href":"http:\/\/fmdelpueblo.ar\/index.php?rest_route=\/wp\/v2\/posts\/50763","targetHints":{"allow":["GET"]}}],"collection":[{"href":"http:\/\/fmdelpueblo.ar\/index.php?rest_route=\/wp\/v2\/posts"}],"about":[{"href":"http:\/\/fmdelpueblo.ar\/index.php?rest_route=\/wp\/v2\/types\/post"}],"replies":[{"embeddable":true,"href":"http:\/\/fmdelpueblo.ar\/index.php?rest_route=%2Fwp%2Fv2%2Fcomments&post=50763"}],"version-history":[{"count":0,"href":"http:\/\/fmdelpueblo.ar\/index.php?rest_route=\/wp\/v2\/posts\/50763\/revisions"}],"wp:attachment":[{"href":"http:\/\/fmdelpueblo.ar\/index.php?rest_route=%2Fwp%2Fv2%2Fmedia&parent=50763"}],"wp:term":[{"taxonomy":"category","embeddable":true,"href":"http:\/\/fmdelpueblo.ar\/index.php?rest_route=%2Fwp%2Fv2%2Fcategories&post=50763"},{"taxonomy":"post_tag","embeddable":true,"href":"http:\/\/fmdelpueblo.ar\/index.php?rest_route=%2Fwp%2Fv2%2Ftags&post=50763"}],"curies":[{"name":"wp","href":"https:\/\/api.w.org\/{rel}","templated":true}]}}