{"id":50761,"date":"2026-08-31T22:09:01","date_gmt":"2026-09-01T01:09:01","guid":{"rendered":"http:\/\/fmdelpueblo.ar\/?p=50761"},"modified":"2026-08-31T22:09:01","modified_gmt":"2026-09-01T01:09:01","slug":"el-secretario-del-ejercito-dan-driscoll-renuncia-tras-18-meses-dice-la-casa-blanca","status":"publish","type":"post","link":"http:\/\/fmdelpueblo.ar\/?p=50761","title":{"rendered":"El secretario del Ej\u00e9rcito Dan Driscoll renuncia tras 18 meses, dice la Casa Blanca"},"content":{"rendered":"<p>El secretario del Ej\u00e9rcito estadounidense, tras 18 meses, deja su cargo en medio de tensiones con el secretario de Defensa. Su salida marca otro cambio en la c\u00fapula militar.Driscoll, veterano de Irak y aliado de George, fue clave en negociaciones internacionales y modernizaci\u00f3n militar. Su gesti\u00f3n destac\u00f3 por reducir burocracia y mejorar capacidades.<\/p>","protected":false},"excerpt":{"rendered":"<p>El secretario del Ej\u00e9rcito estadounidense, tras 18 meses, deja su cargo en medio de tensiones con el secretario de Defensa. Su salida marca otro cambio en la c\u00fapula militar.Driscoll, veterano de Irak y aliado de George, fue clave en negociaciones internacionales y modernizaci\u00f3n militar. Su gesti\u00f3n destac\u00f3 por reducir burocracia y mejorar capacidades.<\/p>\n","protected":false},"author":0,"featured_media":0,"comment_status":"","ping_status":"","sticky":false,"template":"","format":"standard","meta":{"footnotes":""},"categories":[1],"tags":[],"class_list":["post-50761","post","type-post","status-publish","format-standard","has-post-thumbnail","hentry","category-sin-categoria"],"_links":{"self":[{"href":"http:\/\/fmdelpueblo.ar\/index.php?rest_route=\/wp\/v2\/posts\/50761","targetHints":{"allow":["GET"]}}],"collection":[{"href":"http:\/\/fmdelpueblo.ar\/index.php?rest_route=\/wp\/v2\/posts"}],"about":[{"href":"http:\/\/fmdelpueblo.ar\/index.php?rest_route=\/wp\/v2\/types\/post"}],"replies":[{"embeddable":true,"href":"http:\/\/fmdelpueblo.ar\/index.php?rest_route=%2Fwp%2Fv2%2Fcomments&post=50761"}],"version-history":[{"count":0,"href":"http:\/\/fmdelpueblo.ar\/index.php?rest_route=\/wp\/v2\/posts\/50761\/revisions"}],"wp:attachment":[{"href":"http:\/\/fmdelpueblo.ar\/index.php?rest_route=%2Fwp%2Fv2%2Fmedia&parent=50761"}],"wp:term":[{"taxonomy":"category","embeddable":true,"href":"http:\/\/fmdelpueblo.ar\/index.php?rest_route=%2Fwp%2Fv2%2Fcategories&post=50761"},{"taxonomy":"post_tag","embeddable":true,"href":"http:\/\/fmdelpueblo.ar\/index.php?rest_route=%2Fwp%2Fv2%2Ftags&post=50761"}],"curies":[{"name":"wp","href":"https:\/\/api.w.org\/{rel}","templated":true}]}}