{"id":50760,"date":"2026-08-31T22:09:00","date_gmt":"2026-09-01T01:09:00","guid":{"rendered":"http:\/\/fmdelpueblo.ar\/?p=50760"},"modified":"2026-08-31T22:09:00","modified_gmt":"2026-09-01T01:09:00","slug":"vicepresidenta-del-icap-de-cuba-sancionada-por-ee-uu-niega-%c2%93adoctrinar-politicamente%c2%94","status":"publish","type":"post","link":"http:\/\/fmdelpueblo.ar\/?p=50760","title":{"rendered":"Vicepresidenta del ICAP de Cuba, sancionada por EE.UU., niega \u0093adoctrinar pol\u00edticamente\u0094"},"content":{"rendered":"<p>La vicepresidenta del ICAP, sancionada por EE.UU., niega adoctrinamiento en grupos solidarios con Cuba, defendiendo su car\u00e1cter pac\u00edfico y aut\u00f3nomo.Las tensiones entre Cuba y EE.UU. se agravan por sanciones y bloqueos, afectando servicios b\u00e1sicos y generando descontento social en la isla.<\/p>","protected":false},"excerpt":{"rendered":"<p>La vicepresidenta del ICAP, sancionada por EE.UU., niega adoctrinamiento en grupos solidarios con Cuba, defendiendo su car\u00e1cter pac\u00edfico y aut\u00f3nomo.Las tensiones entre Cuba y EE.UU. se agravan por sanciones y bloqueos, afectando servicios b\u00e1sicos y generando descontento social en la isla.<\/p>\n","protected":false},"author":0,"featured_media":0,"comment_status":"","ping_status":"","sticky":false,"template":"","format":"standard","meta":{"footnotes":""},"categories":[1],"tags":[],"class_list":["post-50760","post","type-post","status-publish","format-standard","has-post-thumbnail","hentry","category-sin-categoria"],"_links":{"self":[{"href":"http:\/\/fmdelpueblo.ar\/index.php?rest_route=\/wp\/v2\/posts\/50760","targetHints":{"allow":["GET"]}}],"collection":[{"href":"http:\/\/fmdelpueblo.ar\/index.php?rest_route=\/wp\/v2\/posts"}],"about":[{"href":"http:\/\/fmdelpueblo.ar\/index.php?rest_route=\/wp\/v2\/types\/post"}],"replies":[{"embeddable":true,"href":"http:\/\/fmdelpueblo.ar\/index.php?rest_route=%2Fwp%2Fv2%2Fcomments&post=50760"}],"version-history":[{"count":0,"href":"http:\/\/fmdelpueblo.ar\/index.php?rest_route=\/wp\/v2\/posts\/50760\/revisions"}],"wp:attachment":[{"href":"http:\/\/fmdelpueblo.ar\/index.php?rest_route=%2Fwp%2Fv2%2Fmedia&parent=50760"}],"wp:term":[{"taxonomy":"category","embeddable":true,"href":"http:\/\/fmdelpueblo.ar\/index.php?rest_route=%2Fwp%2Fv2%2Fcategories&post=50760"},{"taxonomy":"post_tag","embeddable":true,"href":"http:\/\/fmdelpueblo.ar\/index.php?rest_route=%2Fwp%2Fv2%2Ftags&post=50760"}],"curies":[{"name":"wp","href":"https:\/\/api.w.org\/{rel}","templated":true}]}}