{"id":50758,"date":"2026-08-31T22:08:59","date_gmt":"2026-09-01T01:08:59","guid":{"rendered":"http:\/\/fmdelpueblo.ar\/?p=50758"},"modified":"2026-08-31T22:08:59","modified_gmt":"2026-09-01T01:08:59","slug":"el-huracan-karina-subio-a-categoria-4-en-el-pacifico-y-la-tormenta-tropical-lowell-amenaza-hawai","status":"publish","type":"post","link":"http:\/\/fmdelpueblo.ar\/?p=50758","title":{"rendered":"El hurac\u00e1n Karina subi\u00f3 a categor\u00eda 4 en el Pac\u00edfico y la tormenta tropical Lowell amenaza Haw\u00e1i"},"content":{"rendered":"<p>Se ha intensificado r\u00e1pidamente desde que se convirti\u00f3 en hurac\u00e1n el domingo, pero se mantiene lejos de tierra.Pero hay temor por Lowell, que podr\u00eda convertirse en hurac\u00e1n en las pr\u00f3ximas horas.<\/p>","protected":false},"excerpt":{"rendered":"<p>Se ha intensificado r\u00e1pidamente desde que se convirti\u00f3 en hurac\u00e1n el domingo, pero se mantiene lejos de tierra.Pero hay temor por Lowell, que podr\u00eda convertirse en hurac\u00e1n en las pr\u00f3ximas horas.<\/p>\n","protected":false},"author":0,"featured_media":0,"comment_status":"","ping_status":"","sticky":false,"template":"","format":"standard","meta":{"footnotes":""},"categories":[1],"tags":[],"class_list":["post-50758","post","type-post","status-publish","format-standard","has-post-thumbnail","hentry","category-sin-categoria"],"_links":{"self":[{"href":"http:\/\/fmdelpueblo.ar\/index.php?rest_route=\/wp\/v2\/posts\/50758","targetHints":{"allow":["GET"]}}],"collection":[{"href":"http:\/\/fmdelpueblo.ar\/index.php?rest_route=\/wp\/v2\/posts"}],"about":[{"href":"http:\/\/fmdelpueblo.ar\/index.php?rest_route=\/wp\/v2\/types\/post"}],"replies":[{"embeddable":true,"href":"http:\/\/fmdelpueblo.ar\/index.php?rest_route=%2Fwp%2Fv2%2Fcomments&post=50758"}],"version-history":[{"count":0,"href":"http:\/\/fmdelpueblo.ar\/index.php?rest_route=\/wp\/v2\/posts\/50758\/revisions"}],"wp:attachment":[{"href":"http:\/\/fmdelpueblo.ar\/index.php?rest_route=%2Fwp%2Fv2%2Fmedia&parent=50758"}],"wp:term":[{"taxonomy":"category","embeddable":true,"href":"http:\/\/fmdelpueblo.ar\/index.php?rest_route=%2Fwp%2Fv2%2Fcategories&post=50758"},{"taxonomy":"post_tag","embeddable":true,"href":"http:\/\/fmdelpueblo.ar\/index.php?rest_route=%2Fwp%2Fv2%2Ftags&post=50758"}],"curies":[{"name":"wp","href":"https:\/\/api.w.org\/{rel}","templated":true}]}}