{"id":50748,"date":"2026-08-31T21:09:05","date_gmt":"2026-09-01T00:09:05","guid":{"rendered":"http:\/\/fmdelpueblo.ar\/?p=50748"},"modified":"2026-08-31T21:09:05","modified_gmt":"2026-09-01T00:09:05","slug":"el-gobierno-echo-a-una-delegada-sindical-del-hospital-garrahan-dicen-que-no-fue-a-trabajar-durante-un-ano","status":"publish","type":"post","link":"http:\/\/fmdelpueblo.ar\/?p=50748","title":{"rendered":"El Gobierno ech\u00f3 a una delegada sindical del Hospital Garrahan: dicen que no fue a trabajar durante un a\u00f1o"},"content":{"rendered":"<p>Seg\u00fan afirma el comunicado oficial, no se pudo acreditar que la m\u00e9dica hubiera desarrollado tareas asistenciales durante el 2025.La gremialista hab\u00eda tenido una participaci\u00f3n activa en las distintas protestas dentro del centro asistencial, entre ellas la ocupaci\u00f3n de la oficina de la Direcci\u00f3n M\u00e9dica del hospital.<\/p>","protected":false},"excerpt":{"rendered":"<p>Seg\u00fan afirma el comunicado oficial, no se pudo acreditar que la m\u00e9dica hubiera desarrollado tareas asistenciales durante el 2025.La gremialista hab\u00eda tenido una participaci\u00f3n activa en las distintas protestas dentro del centro asistencial, entre ellas la ocupaci\u00f3n de la oficina de la Direcci\u00f3n M\u00e9dica del hospital.<\/p>\n","protected":false},"author":0,"featured_media":0,"comment_status":"","ping_status":"","sticky":false,"template":"","format":"standard","meta":{"footnotes":""},"categories":[1],"tags":[],"class_list":["post-50748","post","type-post","status-publish","format-standard","has-post-thumbnail","hentry","category-sin-categoria"],"_links":{"self":[{"href":"http:\/\/fmdelpueblo.ar\/index.php?rest_route=\/wp\/v2\/posts\/50748","targetHints":{"allow":["GET"]}}],"collection":[{"href":"http:\/\/fmdelpueblo.ar\/index.php?rest_route=\/wp\/v2\/posts"}],"about":[{"href":"http:\/\/fmdelpueblo.ar\/index.php?rest_route=\/wp\/v2\/types\/post"}],"replies":[{"embeddable":true,"href":"http:\/\/fmdelpueblo.ar\/index.php?rest_route=%2Fwp%2Fv2%2Fcomments&post=50748"}],"version-history":[{"count":0,"href":"http:\/\/fmdelpueblo.ar\/index.php?rest_route=\/wp\/v2\/posts\/50748\/revisions"}],"wp:attachment":[{"href":"http:\/\/fmdelpueblo.ar\/index.php?rest_route=%2Fwp%2Fv2%2Fmedia&parent=50748"}],"wp:term":[{"taxonomy":"category","embeddable":true,"href":"http:\/\/fmdelpueblo.ar\/index.php?rest_route=%2Fwp%2Fv2%2Fcategories&post=50748"},{"taxonomy":"post_tag","embeddable":true,"href":"http:\/\/fmdelpueblo.ar\/index.php?rest_route=%2Fwp%2Fv2%2Ftags&post=50748"}],"curies":[{"name":"wp","href":"https:\/\/api.w.org\/{rel}","templated":true}]}}