{"id":50746,"date":"2026-08-31T20:09:04","date_gmt":"2026-08-31T23:09:04","guid":{"rendered":"http:\/\/fmdelpueblo.ar\/?p=50746"},"modified":"2026-08-31T20:09:04","modified_gmt":"2026-08-31T23:09:04","slug":"el-supremo-da-luz-verde-a-trump-para-que-construya-un-salon-de-baile-en-la-casa-blanca","status":"publish","type":"post","link":"http:\/\/fmdelpueblo.ar\/?p=50746","title":{"rendered":"El Supremo da luz verde a Trump para que construya un sal\u00f3n de baile en la Casa Blanca"},"content":{"rendered":"<p>La m\u00e1xima corte de EE.UU. aval\u00f3 el pol\u00e9mico proyecto de ampliaci\u00f3n en la residencia presidencial, favoreciendo al mandatario en funciones.El veredicto, ajustado, permite continuar las obras pese a cuestionamientos sobre su legalidad y la falta de aprobaci\u00f3n legislativa.<\/p>","protected":false},"excerpt":{"rendered":"<p>La m\u00e1xima corte de EE.UU. aval\u00f3 el pol\u00e9mico proyecto de ampliaci\u00f3n en la residencia presidencial, favoreciendo al mandatario en funciones.El veredicto, ajustado, permite continuar las obras pese a cuestionamientos sobre su legalidad y la falta de aprobaci\u00f3n legislativa.<\/p>\n","protected":false},"author":0,"featured_media":0,"comment_status":"","ping_status":"","sticky":false,"template":"","format":"standard","meta":{"footnotes":""},"categories":[1],"tags":[],"class_list":["post-50746","post","type-post","status-publish","format-standard","has-post-thumbnail","hentry","category-sin-categoria"],"_links":{"self":[{"href":"http:\/\/fmdelpueblo.ar\/index.php?rest_route=\/wp\/v2\/posts\/50746","targetHints":{"allow":["GET"]}}],"collection":[{"href":"http:\/\/fmdelpueblo.ar\/index.php?rest_route=\/wp\/v2\/posts"}],"about":[{"href":"http:\/\/fmdelpueblo.ar\/index.php?rest_route=\/wp\/v2\/types\/post"}],"replies":[{"embeddable":true,"href":"http:\/\/fmdelpueblo.ar\/index.php?rest_route=%2Fwp%2Fv2%2Fcomments&post=50746"}],"version-history":[{"count":0,"href":"http:\/\/fmdelpueblo.ar\/index.php?rest_route=\/wp\/v2\/posts\/50746\/revisions"}],"wp:attachment":[{"href":"http:\/\/fmdelpueblo.ar\/index.php?rest_route=%2Fwp%2Fv2%2Fmedia&parent=50746"}],"wp:term":[{"taxonomy":"category","embeddable":true,"href":"http:\/\/fmdelpueblo.ar\/index.php?rest_route=%2Fwp%2Fv2%2Fcategories&post=50746"},{"taxonomy":"post_tag","embeddable":true,"href":"http:\/\/fmdelpueblo.ar\/index.php?rest_route=%2Fwp%2Fv2%2Ftags&post=50746"}],"curies":[{"name":"wp","href":"https:\/\/api.w.org\/{rel}","templated":true}]}}