{"id":50742,"date":"2026-08-31T20:09:01","date_gmt":"2026-08-31T23:09:01","guid":{"rendered":"http:\/\/fmdelpueblo.ar\/?p=50742"},"modified":"2026-08-31T20:09:01","modified_gmt":"2026-08-31T23:09:01","slug":"activistas-de-connecticut-convocan-protesta-por-redadas-de-ice-con-dia-sin-inmigrantes","status":"publish","type":"post","link":"http:\/\/fmdelpueblo.ar\/?p=50742","title":{"rendered":"Activistas de Connecticut convocan protesta por redadas de ICE con \u00abd\u00eda sin inmigrantes\u00bb"},"content":{"rendered":"<p>Activistas de Danbury convocan a un \u00abd\u00eda sin inmigrantes\u00bb tras arrestos masivos por agentes federales. Se espera cierre de comercios.La comunidad inmigrante, apoyada por l\u00edderes locales, denuncia detenciones injustas y exige acci\u00f3n contra el miedo y la separaci\u00f3n familiar.<\/p>","protected":false},"excerpt":{"rendered":"<p>Activistas de Danbury convocan a un \u00abd\u00eda sin inmigrantes\u00bb tras arrestos masivos por agentes federales. Se espera cierre de comercios.La comunidad inmigrante, apoyada por l\u00edderes locales, denuncia detenciones injustas y exige acci\u00f3n contra el miedo y la separaci\u00f3n familiar.<\/p>\n","protected":false},"author":0,"featured_media":0,"comment_status":"","ping_status":"","sticky":false,"template":"","format":"standard","meta":{"footnotes":""},"categories":[1],"tags":[],"class_list":["post-50742","post","type-post","status-publish","format-standard","has-post-thumbnail","hentry","category-sin-categoria"],"_links":{"self":[{"href":"http:\/\/fmdelpueblo.ar\/index.php?rest_route=\/wp\/v2\/posts\/50742","targetHints":{"allow":["GET"]}}],"collection":[{"href":"http:\/\/fmdelpueblo.ar\/index.php?rest_route=\/wp\/v2\/posts"}],"about":[{"href":"http:\/\/fmdelpueblo.ar\/index.php?rest_route=\/wp\/v2\/types\/post"}],"replies":[{"embeddable":true,"href":"http:\/\/fmdelpueblo.ar\/index.php?rest_route=%2Fwp%2Fv2%2Fcomments&post=50742"}],"version-history":[{"count":0,"href":"http:\/\/fmdelpueblo.ar\/index.php?rest_route=\/wp\/v2\/posts\/50742\/revisions"}],"wp:attachment":[{"href":"http:\/\/fmdelpueblo.ar\/index.php?rest_route=%2Fwp%2Fv2%2Fmedia&parent=50742"}],"wp:term":[{"taxonomy":"category","embeddable":true,"href":"http:\/\/fmdelpueblo.ar\/index.php?rest_route=%2Fwp%2Fv2%2Fcategories&post=50742"},{"taxonomy":"post_tag","embeddable":true,"href":"http:\/\/fmdelpueblo.ar\/index.php?rest_route=%2Fwp%2Fv2%2Ftags&post=50742"}],"curies":[{"name":"wp","href":"https:\/\/api.w.org\/{rel}","templated":true}]}}