{"id":50741,"date":"2026-08-31T20:09:00","date_gmt":"2026-08-31T23:09:00","guid":{"rendered":"http:\/\/fmdelpueblo.ar\/?p=50741"},"modified":"2026-08-31T20:09:00","modified_gmt":"2026-08-31T23:09:00","slug":"noruega-autorizo-al-hijo-de-la-reina-condenado-por-violacion-a-acudir-al-funeral-de-harald-v-y-llevar-el-feretro-junto-al-flamante-rey","status":"publish","type":"post","link":"http:\/\/fmdelpueblo.ar\/?p=50741","title":{"rendered":"Noruega autoriz\u00f3 al hijo de la reina, condenado por violaci\u00f3n, a acudir al funeral de Harald V y llevar el f\u00e9retro junto al flamante rey"},"content":{"rendered":"<p>Marius Borg H\u00f8iby, hijo de una anterior pareja de la monarca, fue condenado a cuatro a\u00f1os de prisi\u00f3n por dos violaciones y otros 32 cargos. El joven cumple prisi\u00f3n domiciliaria en el palacio. <\/p>","protected":false},"excerpt":{"rendered":"<p>Marius Borg H\u00f8iby, hijo de una anterior pareja de la monarca, fue condenado a cuatro a\u00f1os de prisi\u00f3n por dos violaciones y otros 32 cargos. El joven cumple prisi\u00f3n domiciliaria en el palacio.<\/p>\n","protected":false},"author":0,"featured_media":0,"comment_status":"","ping_status":"","sticky":false,"template":"","format":"standard","meta":{"footnotes":""},"categories":[1],"tags":[],"class_list":["post-50741","post","type-post","status-publish","format-standard","has-post-thumbnail","hentry","category-sin-categoria"],"_links":{"self":[{"href":"http:\/\/fmdelpueblo.ar\/index.php?rest_route=\/wp\/v2\/posts\/50741","targetHints":{"allow":["GET"]}}],"collection":[{"href":"http:\/\/fmdelpueblo.ar\/index.php?rest_route=\/wp\/v2\/posts"}],"about":[{"href":"http:\/\/fmdelpueblo.ar\/index.php?rest_route=\/wp\/v2\/types\/post"}],"replies":[{"embeddable":true,"href":"http:\/\/fmdelpueblo.ar\/index.php?rest_route=%2Fwp%2Fv2%2Fcomments&post=50741"}],"version-history":[{"count":0,"href":"http:\/\/fmdelpueblo.ar\/index.php?rest_route=\/wp\/v2\/posts\/50741\/revisions"}],"wp:attachment":[{"href":"http:\/\/fmdelpueblo.ar\/index.php?rest_route=%2Fwp%2Fv2%2Fmedia&parent=50741"}],"wp:term":[{"taxonomy":"category","embeddable":true,"href":"http:\/\/fmdelpueblo.ar\/index.php?rest_route=%2Fwp%2Fv2%2Fcategories&post=50741"},{"taxonomy":"post_tag","embeddable":true,"href":"http:\/\/fmdelpueblo.ar\/index.php?rest_route=%2Fwp%2Fv2%2Ftags&post=50741"}],"curies":[{"name":"wp","href":"https:\/\/api.w.org\/{rel}","templated":true}]}}