{"id":50739,"date":"2026-08-31T20:08:59","date_gmt":"2026-08-31T23:08:59","guid":{"rendered":"http:\/\/fmdelpueblo.ar\/?p=50739"},"modified":"2026-08-31T20:08:59","modified_gmt":"2026-08-31T23:08:59","slug":"maru-botana-sorprendio-con-su-opinion-sobre-el-conflicto-entre-tini-stoessel-y-su-padre-no-me-llamo-la-atencion","status":"publish","type":"post","link":"http:\/\/fmdelpueblo.ar\/?p=50739","title":{"rendered":"Maru Botana sorprendi\u00f3 con su opini\u00f3n sobre el conflicto entre Tini Stoessel y su padre: \u00abNo me llam\u00f3 la atenci\u00f3n\u00bb"},"content":{"rendered":"<p>La cocinera y conductora se expres\u00f3 sobre las diferencias de la artista y Alejandro Stoessel.Adem\u00e1s, record\u00f3 el conflicto que tuvo a\u00f1os atr\u00e1s con el padre de la ex Violetta.<\/p>","protected":false},"excerpt":{"rendered":"<p>La cocinera y conductora se expres\u00f3 sobre las diferencias de la artista y Alejandro Stoessel.Adem\u00e1s, record\u00f3 el conflicto que tuvo a\u00f1os atr\u00e1s con el padre de la ex Violetta.<\/p>\n","protected":false},"author":0,"featured_media":0,"comment_status":"","ping_status":"","sticky":false,"template":"","format":"standard","meta":{"footnotes":""},"categories":[1],"tags":[],"class_list":["post-50739","post","type-post","status-publish","format-standard","has-post-thumbnail","hentry","category-sin-categoria"],"_links":{"self":[{"href":"http:\/\/fmdelpueblo.ar\/index.php?rest_route=\/wp\/v2\/posts\/50739","targetHints":{"allow":["GET"]}}],"collection":[{"href":"http:\/\/fmdelpueblo.ar\/index.php?rest_route=\/wp\/v2\/posts"}],"about":[{"href":"http:\/\/fmdelpueblo.ar\/index.php?rest_route=\/wp\/v2\/types\/post"}],"replies":[{"embeddable":true,"href":"http:\/\/fmdelpueblo.ar\/index.php?rest_route=%2Fwp%2Fv2%2Fcomments&post=50739"}],"version-history":[{"count":0,"href":"http:\/\/fmdelpueblo.ar\/index.php?rest_route=\/wp\/v2\/posts\/50739\/revisions"}],"wp:attachment":[{"href":"http:\/\/fmdelpueblo.ar\/index.php?rest_route=%2Fwp%2Fv2%2Fmedia&parent=50739"}],"wp:term":[{"taxonomy":"category","embeddable":true,"href":"http:\/\/fmdelpueblo.ar\/index.php?rest_route=%2Fwp%2Fv2%2Fcategories&post=50739"},{"taxonomy":"post_tag","embeddable":true,"href":"http:\/\/fmdelpueblo.ar\/index.php?rest_route=%2Fwp%2Fv2%2Ftags&post=50739"}],"curies":[{"name":"wp","href":"https:\/\/api.w.org\/{rel}","templated":true}]}}