{"id":50737,"date":"2026-08-31T19:09:00","date_gmt":"2026-08-31T22:09:00","guid":{"rendered":"http:\/\/fmdelpueblo.ar\/?p=50737"},"modified":"2026-08-31T19:09:00","modified_gmt":"2026-08-31T22:09:00","slug":"florida-amplia-los-permisos-para-cazar-osos-en-la-segunda-caceria-del-estado-en-una-decada","status":"publish","type":"post","link":"http:\/\/fmdelpueblo.ar\/?p=50737","title":{"rendered":"Florida ampl\u00eda los permisos para cazar osos en la segunda cacer\u00eda del estado en una d\u00e9cada"},"content":{"rendered":"<p>Florida incrementar\u00e1 los permisos de caza de osos negros este a\u00f1o, incluyendo una reserva para grandes fincas privadas, tras la compra masiva de permisos por opositores.La caza, programada para diciembre, busca controlar la poblaci\u00f3n que se cruza con humanos, mientras ecologistas critican el enfoque como privatizado y exclusivo.<\/p>","protected":false},"excerpt":{"rendered":"<p>Florida incrementar\u00e1 los permisos de caza de osos negros este a\u00f1o, incluyendo una reserva para grandes fincas privadas, tras la compra masiva de permisos por opositores.La caza, programada para diciembre, busca controlar la poblaci\u00f3n que se cruza con humanos, mientras ecologistas critican el enfoque como privatizado y exclusivo.<\/p>\n","protected":false},"author":0,"featured_media":0,"comment_status":"","ping_status":"","sticky":false,"template":"","format":"standard","meta":{"footnotes":""},"categories":[1],"tags":[],"class_list":["post-50737","post","type-post","status-publish","format-standard","has-post-thumbnail","hentry","category-sin-categoria"],"_links":{"self":[{"href":"http:\/\/fmdelpueblo.ar\/index.php?rest_route=\/wp\/v2\/posts\/50737","targetHints":{"allow":["GET"]}}],"collection":[{"href":"http:\/\/fmdelpueblo.ar\/index.php?rest_route=\/wp\/v2\/posts"}],"about":[{"href":"http:\/\/fmdelpueblo.ar\/index.php?rest_route=\/wp\/v2\/types\/post"}],"replies":[{"embeddable":true,"href":"http:\/\/fmdelpueblo.ar\/index.php?rest_route=%2Fwp%2Fv2%2Fcomments&post=50737"}],"version-history":[{"count":0,"href":"http:\/\/fmdelpueblo.ar\/index.php?rest_route=\/wp\/v2\/posts\/50737\/revisions"}],"wp:attachment":[{"href":"http:\/\/fmdelpueblo.ar\/index.php?rest_route=%2Fwp%2Fv2%2Fmedia&parent=50737"}],"wp:term":[{"taxonomy":"category","embeddable":true,"href":"http:\/\/fmdelpueblo.ar\/index.php?rest_route=%2Fwp%2Fv2%2Fcategories&post=50737"},{"taxonomy":"post_tag","embeddable":true,"href":"http:\/\/fmdelpueblo.ar\/index.php?rest_route=%2Fwp%2Fv2%2Ftags&post=50737"}],"curies":[{"name":"wp","href":"https:\/\/api.w.org\/{rel}","templated":true}]}}