{"id":50730,"date":"2026-08-31T19:08:56","date_gmt":"2026-08-31T22:08:56","guid":{"rendered":"http:\/\/fmdelpueblo.ar\/?p=50730"},"modified":"2026-08-31T19:08:56","modified_gmt":"2026-08-31T22:08:56","slug":"el-vicepresidente-de-bolivia-enfrentado-a-rodrigo-paz-dice-que-tiene-audios-donde-cerimedo-negocia-cambios-en-la-policia-con-la-primera-dama","status":"publish","type":"post","link":"http:\/\/fmdelpueblo.ar\/?p=50730","title":{"rendered":"El vicepresidente de Bolivia, enfrentado a Rodrigo Paz, dice que tiene audios donde Cerimedo negocia cambios en la Polic\u00eda con la primera dama"},"content":{"rendered":"<p>Edmand Lara anunci\u00f3 que presentar\u00e1 ante el Ministerio P\u00fablico de su pa\u00eds la grabaci\u00f3n de una conversaci\u00f3n entre Mar\u00eda Elena Urquidi y el consultor argentino. \u00abUstedes van a poder advertir la influencia que ten\u00eda Fernando Cerimedo en el Estado\u00bb, adelant\u00f3 Edmand Lara.<\/p>","protected":false},"excerpt":{"rendered":"<p>Edmand Lara anunci\u00f3 que presentar\u00e1 ante el Ministerio P\u00fablico de su pa\u00eds la grabaci\u00f3n de una conversaci\u00f3n entre Mar\u00eda Elena Urquidi y el consultor argentino. \u00abUstedes van a poder advertir la influencia que ten\u00eda Fernando Cerimedo en el Estado\u00bb, adelant\u00f3 Edmand Lara.<\/p>\n","protected":false},"author":0,"featured_media":0,"comment_status":"","ping_status":"","sticky":false,"template":"","format":"standard","meta":{"footnotes":""},"categories":[1],"tags":[],"class_list":["post-50730","post","type-post","status-publish","format-standard","has-post-thumbnail","hentry","category-sin-categoria"],"_links":{"self":[{"href":"http:\/\/fmdelpueblo.ar\/index.php?rest_route=\/wp\/v2\/posts\/50730","targetHints":{"allow":["GET"]}}],"collection":[{"href":"http:\/\/fmdelpueblo.ar\/index.php?rest_route=\/wp\/v2\/posts"}],"about":[{"href":"http:\/\/fmdelpueblo.ar\/index.php?rest_route=\/wp\/v2\/types\/post"}],"replies":[{"embeddable":true,"href":"http:\/\/fmdelpueblo.ar\/index.php?rest_route=%2Fwp%2Fv2%2Fcomments&post=50730"}],"version-history":[{"count":0,"href":"http:\/\/fmdelpueblo.ar\/index.php?rest_route=\/wp\/v2\/posts\/50730\/revisions"}],"wp:attachment":[{"href":"http:\/\/fmdelpueblo.ar\/index.php?rest_route=%2Fwp%2Fv2%2Fmedia&parent=50730"}],"wp:term":[{"taxonomy":"category","embeddable":true,"href":"http:\/\/fmdelpueblo.ar\/index.php?rest_route=%2Fwp%2Fv2%2Fcategories&post=50730"},{"taxonomy":"post_tag","embeddable":true,"href":"http:\/\/fmdelpueblo.ar\/index.php?rest_route=%2Fwp%2Fv2%2Ftags&post=50730"}],"curies":[{"name":"wp","href":"https:\/\/api.w.org\/{rel}","templated":true}]}}