{"id":50729,"date":"2026-08-31T19:08:55","date_gmt":"2026-08-31T22:08:55","guid":{"rendered":"http:\/\/fmdelpueblo.ar\/?p=50729"},"modified":"2026-08-31T19:08:55","modified_gmt":"2026-08-31T22:08:55","slug":"la-salida-de-freitas-no-fue-el-ultimo-movimiento-en-el-mercado-de-river-gasto-67-millones-y-va-por-un-central-mas","status":"publish","type":"post","link":"http:\/\/fmdelpueblo.ar\/?p=50729","title":{"rendered":"La salida de Freitas no fue el \u00faltimo movimiento en el mercado de River: gast\u00f3 67 millones y va por un central m\u00e1s"},"content":{"rendered":"<p>Con la salida del pibe Freitas a Flamengo m\u00e1s Facundo Colidio, Kevin Casta\u00f1o y Andr\u00e9s Herrera, el Millonario sum\u00f3 cerca de 25 millones de d\u00f3lares.A pesar de seguir en una sola competencia y del movido mercado, la dirigencia quiere un jugador m\u00e1s. Los nombres.<\/p>","protected":false},"excerpt":{"rendered":"<p>Con la salida del pibe Freitas a Flamengo m\u00e1s Facundo Colidio, Kevin Casta\u00f1o y Andr\u00e9s Herrera, el Millonario sum\u00f3 cerca de 25 millones de d\u00f3lares.A pesar de seguir en una sola competencia y del movido mercado, la dirigencia quiere un jugador m\u00e1s. Los nombres.<\/p>\n","protected":false},"author":0,"featured_media":0,"comment_status":"","ping_status":"","sticky":false,"template":"","format":"standard","meta":{"footnotes":""},"categories":[1],"tags":[],"class_list":["post-50729","post","type-post","status-publish","format-standard","has-post-thumbnail","hentry","category-sin-categoria"],"_links":{"self":[{"href":"http:\/\/fmdelpueblo.ar\/index.php?rest_route=\/wp\/v2\/posts\/50729","targetHints":{"allow":["GET"]}}],"collection":[{"href":"http:\/\/fmdelpueblo.ar\/index.php?rest_route=\/wp\/v2\/posts"}],"about":[{"href":"http:\/\/fmdelpueblo.ar\/index.php?rest_route=\/wp\/v2\/types\/post"}],"replies":[{"embeddable":true,"href":"http:\/\/fmdelpueblo.ar\/index.php?rest_route=%2Fwp%2Fv2%2Fcomments&post=50729"}],"version-history":[{"count":0,"href":"http:\/\/fmdelpueblo.ar\/index.php?rest_route=\/wp\/v2\/posts\/50729\/revisions"}],"wp:attachment":[{"href":"http:\/\/fmdelpueblo.ar\/index.php?rest_route=%2Fwp%2Fv2%2Fmedia&parent=50729"}],"wp:term":[{"taxonomy":"category","embeddable":true,"href":"http:\/\/fmdelpueblo.ar\/index.php?rest_route=%2Fwp%2Fv2%2Fcategories&post=50729"},{"taxonomy":"post_tag","embeddable":true,"href":"http:\/\/fmdelpueblo.ar\/index.php?rest_route=%2Fwp%2Fv2%2Ftags&post=50729"}],"curies":[{"name":"wp","href":"https:\/\/api.w.org\/{rel}","templated":true}]}}