{"id":50728,"date":"2026-08-31T19:08:55","date_gmt":"2026-08-31T22:08:55","guid":{"rendered":"http:\/\/fmdelpueblo.ar\/?p=50728"},"modified":"2026-08-31T19:08:55","modified_gmt":"2026-08-31T22:08:55","slug":"kicillof-fue-a-la-pampa-y-con-ziliotto-reclamo-a-milei-que-libere-fondos-para-enfrentar-el-fenomeno-de-el-nino","status":"publish","type":"post","link":"http:\/\/fmdelpueblo.ar\/?p=50728","title":{"rendered":"Kicillof fue a La Pampa y con Ziliotto reclam\u00f3 a Milei que libere fondos para enfrentar el fen\u00f3meno de El Ni\u00f1o"},"content":{"rendered":"<p>El gobernador bonaerense apunt\u00f3 contra el Presidente por la paralizaci\u00f3n de la obra p\u00fablica.Tambi\u00e9n le pidi\u00f3 que descongele $290.000 millones del Fondo H\u00eddrico.<\/p>","protected":false},"excerpt":{"rendered":"<p>El gobernador bonaerense apunt\u00f3 contra el Presidente por la paralizaci\u00f3n de la obra p\u00fablica.Tambi\u00e9n le pidi\u00f3 que descongele $290.000 millones del Fondo H\u00eddrico.<\/p>\n","protected":false},"author":0,"featured_media":0,"comment_status":"","ping_status":"","sticky":false,"template":"","format":"standard","meta":{"footnotes":""},"categories":[1],"tags":[],"class_list":["post-50728","post","type-post","status-publish","format-standard","has-post-thumbnail","hentry","category-sin-categoria"],"_links":{"self":[{"href":"http:\/\/fmdelpueblo.ar\/index.php?rest_route=\/wp\/v2\/posts\/50728","targetHints":{"allow":["GET"]}}],"collection":[{"href":"http:\/\/fmdelpueblo.ar\/index.php?rest_route=\/wp\/v2\/posts"}],"about":[{"href":"http:\/\/fmdelpueblo.ar\/index.php?rest_route=\/wp\/v2\/types\/post"}],"replies":[{"embeddable":true,"href":"http:\/\/fmdelpueblo.ar\/index.php?rest_route=%2Fwp%2Fv2%2Fcomments&post=50728"}],"version-history":[{"count":0,"href":"http:\/\/fmdelpueblo.ar\/index.php?rest_route=\/wp\/v2\/posts\/50728\/revisions"}],"wp:attachment":[{"href":"http:\/\/fmdelpueblo.ar\/index.php?rest_route=%2Fwp%2Fv2%2Fmedia&parent=50728"}],"wp:term":[{"taxonomy":"category","embeddable":true,"href":"http:\/\/fmdelpueblo.ar\/index.php?rest_route=%2Fwp%2Fv2%2Fcategories&post=50728"},{"taxonomy":"post_tag","embeddable":true,"href":"http:\/\/fmdelpueblo.ar\/index.php?rest_route=%2Fwp%2Fv2%2Ftags&post=50728"}],"curies":[{"name":"wp","href":"https:\/\/api.w.org\/{rel}","templated":true}]}}