{"id":50727,"date":"2026-08-31T18:09:03","date_gmt":"2026-08-31T21:09:03","guid":{"rendered":"http:\/\/fmdelpueblo.ar\/?p=50727"},"modified":"2026-08-31T18:09:03","modified_gmt":"2026-08-31T21:09:03","slug":"desalojo-de-una-sinagoga-en-flores-dos-grupos-de-fieles-enfrentados-por-la-venta-de-un-templo-comerciantes-furiosos-y-un-final-incierto","status":"publish","type":"post","link":"http:\/\/fmdelpueblo.ar\/?p=50727","title":{"rendered":"Desalojo de una sinagoga en Flores: dos grupos de fieles enfrentados por la venta de un templo, comerciantes furiosos y un final incierto"},"content":{"rendered":"<p>La Polic\u00eda fue esta ma\u00f1ana a desalojar una propiedad de Helguera al 200 y cerr\u00f3 la cuadra.All\u00ed funciona la sinagoga Shuba Israel de Flores que se uni\u00f3 a la Comunidad Israelita Ortodoxa y decidi\u00f3 trasladar el templo a Villa Mitre. Habr\u00edan vendido el edificio por tres millones de d\u00f3lares.Pero un grupo denuncia que la venta fue ilegal, se atrincher\u00f3 y se negaba dejar el edificio. Finalmente llegaron a un acuerdo y el juez fren\u00f3 la orden de desalojo. Pero el conflicto sigue.<\/p>","protected":false},"excerpt":{"rendered":"<p>La Polic\u00eda fue esta ma\u00f1ana a desalojar una propiedad de Helguera al 200 y cerr\u00f3 la cuadra.All\u00ed funciona la sinagoga Shuba Israel de Flores que se uni\u00f3 a la Comunidad Israelita Ortodoxa y decidi\u00f3 trasladar el templo a Villa Mitre. Habr\u00edan vendido el edificio por tres millones de d\u00f3lares.Pero un grupo denuncia que la venta [&hellip;]<\/p>\n","protected":false},"author":0,"featured_media":0,"comment_status":"","ping_status":"","sticky":false,"template":"","format":"standard","meta":{"footnotes":""},"categories":[1],"tags":[],"class_list":["post-50727","post","type-post","status-publish","format-standard","has-post-thumbnail","hentry","category-sin-categoria"],"_links":{"self":[{"href":"http:\/\/fmdelpueblo.ar\/index.php?rest_route=\/wp\/v2\/posts\/50727","targetHints":{"allow":["GET"]}}],"collection":[{"href":"http:\/\/fmdelpueblo.ar\/index.php?rest_route=\/wp\/v2\/posts"}],"about":[{"href":"http:\/\/fmdelpueblo.ar\/index.php?rest_route=\/wp\/v2\/types\/post"}],"replies":[{"embeddable":true,"href":"http:\/\/fmdelpueblo.ar\/index.php?rest_route=%2Fwp%2Fv2%2Fcomments&post=50727"}],"version-history":[{"count":0,"href":"http:\/\/fmdelpueblo.ar\/index.php?rest_route=\/wp\/v2\/posts\/50727\/revisions"}],"wp:attachment":[{"href":"http:\/\/fmdelpueblo.ar\/index.php?rest_route=%2Fwp%2Fv2%2Fmedia&parent=50727"}],"wp:term":[{"taxonomy":"category","embeddable":true,"href":"http:\/\/fmdelpueblo.ar\/index.php?rest_route=%2Fwp%2Fv2%2Fcategories&post=50727"},{"taxonomy":"post_tag","embeddable":true,"href":"http:\/\/fmdelpueblo.ar\/index.php?rest_route=%2Fwp%2Fv2%2Ftags&post=50727"}],"curies":[{"name":"wp","href":"https:\/\/api.w.org\/{rel}","templated":true}]}}