{"id":50718,"date":"2026-08-31T18:08:57","date_gmt":"2026-08-31T21:08:57","guid":{"rendered":"http:\/\/fmdelpueblo.ar\/?p=50718"},"modified":"2026-08-31T18:08:57","modified_gmt":"2026-08-31T21:08:57","slug":"no-soy-victima-la-historia-de-evelin-bauer-pegoraro-y-la-identidad-en-disputa","status":"publish","type":"post","link":"http:\/\/fmdelpueblo.ar\/?p=50718","title":{"rendered":"\u201cNo soy v\u00edctima\u201d: la historia de Evelin Bauer Pegoraro y la identidad en disputa"},"content":{"rendered":"<p>En<em> Qui\u00e9n est\u00e1 ah\u00ed<\/em>, la autora narra c\u00f3mo enfrent\u00f3 la restituci\u00f3n de su identidad y se neg\u00f3 a que el ADN se convirtiera en una condena contra el hombre que la cri\u00f3.Tras conocer su origen biol\u00f3gico, decidi\u00f3 contar qu\u00e9 hizo con esa verdad y c\u00f3mo construy\u00f3 una subjetividad a su manera.<\/p>","protected":false},"excerpt":{"rendered":"<p>En Qui\u00e9n est\u00e1 ah\u00ed, la autora narra c\u00f3mo enfrent\u00f3 la restituci\u00f3n de su identidad y se neg\u00f3 a que el ADN se convirtiera en una condena contra el hombre que la cri\u00f3.Tras conocer su origen biol\u00f3gico, decidi\u00f3 contar qu\u00e9 hizo con esa verdad y c\u00f3mo construy\u00f3 una subjetividad a su manera.<\/p>\n","protected":false},"author":0,"featured_media":0,"comment_status":"","ping_status":"","sticky":false,"template":"","format":"standard","meta":{"footnotes":""},"categories":[1],"tags":[],"class_list":["post-50718","post","type-post","status-publish","format-standard","has-post-thumbnail","hentry","category-sin-categoria"],"_links":{"self":[{"href":"http:\/\/fmdelpueblo.ar\/index.php?rest_route=\/wp\/v2\/posts\/50718","targetHints":{"allow":["GET"]}}],"collection":[{"href":"http:\/\/fmdelpueblo.ar\/index.php?rest_route=\/wp\/v2\/posts"}],"about":[{"href":"http:\/\/fmdelpueblo.ar\/index.php?rest_route=\/wp\/v2\/types\/post"}],"replies":[{"embeddable":true,"href":"http:\/\/fmdelpueblo.ar\/index.php?rest_route=%2Fwp%2Fv2%2Fcomments&post=50718"}],"version-history":[{"count":0,"href":"http:\/\/fmdelpueblo.ar\/index.php?rest_route=\/wp\/v2\/posts\/50718\/revisions"}],"wp:attachment":[{"href":"http:\/\/fmdelpueblo.ar\/index.php?rest_route=%2Fwp%2Fv2%2Fmedia&parent=50718"}],"wp:term":[{"taxonomy":"category","embeddable":true,"href":"http:\/\/fmdelpueblo.ar\/index.php?rest_route=%2Fwp%2Fv2%2Fcategories&post=50718"},{"taxonomy":"post_tag","embeddable":true,"href":"http:\/\/fmdelpueblo.ar\/index.php?rest_route=%2Fwp%2Fv2%2Ftags&post=50718"}],"curies":[{"name":"wp","href":"https:\/\/api.w.org\/{rel}","templated":true}]}}