{"id":50717,"date":"2026-08-31T17:09:00","date_gmt":"2026-08-31T20:09:00","guid":{"rendered":"https:\/\/fmdelpueblo.ar\/?p=50717"},"modified":"2026-08-31T17:09:00","modified_gmt":"2026-08-31T20:09:00","slug":"pimpinela-tendra-su-propia-biopic-con-foco-en-la-musica-pero-tambien-en-su-historia-de-lucha-y-resiliencia","status":"publish","type":"post","link":"http:\/\/fmdelpueblo.ar\/?p=50717","title":{"rendered":"Pimpinela tendr\u00e1 su propia biopic, con foco en la m\u00fasica, pero tambi\u00e9n en su historia de lucha y resiliencia"},"content":{"rendered":"<p>Comenzar\u00e1 a filmarse en 2027, con la idea de que tambi\u00e9n llegue a las salas a fines de ese a\u00f1o.Una trama familiar sobre un recorrido que no siempre fue un lecho de rosas.<\/p>","protected":false},"excerpt":{"rendered":"<p>Comenzar\u00e1 a filmarse en 2027, con la idea de que tambi\u00e9n llegue a las salas a fines de ese a\u00f1o.Una trama familiar sobre un recorrido que no siempre fue un lecho de rosas.<\/p>\n","protected":false},"author":0,"featured_media":0,"comment_status":"","ping_status":"","sticky":false,"template":"","format":"standard","meta":{"footnotes":""},"categories":[1],"tags":[],"class_list":["post-50717","post","type-post","status-publish","format-standard","has-post-thumbnail","hentry","category-sin-categoria"],"_links":{"self":[{"href":"http:\/\/fmdelpueblo.ar\/index.php?rest_route=\/wp\/v2\/posts\/50717","targetHints":{"allow":["GET"]}}],"collection":[{"href":"http:\/\/fmdelpueblo.ar\/index.php?rest_route=\/wp\/v2\/posts"}],"about":[{"href":"http:\/\/fmdelpueblo.ar\/index.php?rest_route=\/wp\/v2\/types\/post"}],"replies":[{"embeddable":true,"href":"http:\/\/fmdelpueblo.ar\/index.php?rest_route=%2Fwp%2Fv2%2Fcomments&post=50717"}],"version-history":[{"count":0,"href":"http:\/\/fmdelpueblo.ar\/index.php?rest_route=\/wp\/v2\/posts\/50717\/revisions"}],"wp:attachment":[{"href":"http:\/\/fmdelpueblo.ar\/index.php?rest_route=%2Fwp%2Fv2%2Fmedia&parent=50717"}],"wp:term":[{"taxonomy":"category","embeddable":true,"href":"http:\/\/fmdelpueblo.ar\/index.php?rest_route=%2Fwp%2Fv2%2Fcategories&post=50717"},{"taxonomy":"post_tag","embeddable":true,"href":"http:\/\/fmdelpueblo.ar\/index.php?rest_route=%2Fwp%2Fv2%2Ftags&post=50717"}],"curies":[{"name":"wp","href":"https:\/\/api.w.org\/{rel}","templated":true}]}}