{"id":50716,"date":"2026-08-31T17:08:59","date_gmt":"2026-08-31T20:08:59","guid":{"rendered":"https:\/\/fmdelpueblo.ar\/?p=50716"},"modified":"2026-08-31T17:08:59","modified_gmt":"2026-08-31T20:08:59","slug":"susanna-griso-56-anos-presentadora-espanola-me-levanto-sobre-las-5-de-la-manana-y-hago-algunos-ejercicios-por-la-tarde-hago-un-dia-pilates-y-otro-entrenamiento-de-fuerza","status":"publish","type":"post","link":"http:\/\/fmdelpueblo.ar\/?p=50716","title":{"rendered":"Susanna Griso, 56 a\u00f1os, presentadora espa\u00f1ola: \u00abMe levanto sobre las 5 de la ma\u00f1ana y hago algunos ejercicios. Por la tarde hago un d\u00eda pilates y otro entrenamiento de fuerza\u00bb"},"content":{"rendered":"<p>La periodista cont\u00f3 c\u00f3mo se las ingenia para, a pesar de sus ocupaciones, mantener el cuerpo activo.Un repaso por su carrera acad\u00e9mica y su trabajo en medios de comunicaci\u00f3n. <\/p>","protected":false},"excerpt":{"rendered":"<p>La periodista cont\u00f3 c\u00f3mo se las ingenia para, a pesar de sus ocupaciones, mantener el cuerpo activo.Un repaso por su carrera acad\u00e9mica y su trabajo en medios de comunicaci\u00f3n.<\/p>\n","protected":false},"author":0,"featured_media":0,"comment_status":"","ping_status":"","sticky":false,"template":"","format":"standard","meta":{"footnotes":""},"categories":[1],"tags":[],"class_list":["post-50716","post","type-post","status-publish","format-standard","has-post-thumbnail","hentry","category-sin-categoria"],"_links":{"self":[{"href":"http:\/\/fmdelpueblo.ar\/index.php?rest_route=\/wp\/v2\/posts\/50716","targetHints":{"allow":["GET"]}}],"collection":[{"href":"http:\/\/fmdelpueblo.ar\/index.php?rest_route=\/wp\/v2\/posts"}],"about":[{"href":"http:\/\/fmdelpueblo.ar\/index.php?rest_route=\/wp\/v2\/types\/post"}],"replies":[{"embeddable":true,"href":"http:\/\/fmdelpueblo.ar\/index.php?rest_route=%2Fwp%2Fv2%2Fcomments&post=50716"}],"version-history":[{"count":0,"href":"http:\/\/fmdelpueblo.ar\/index.php?rest_route=\/wp\/v2\/posts\/50716\/revisions"}],"wp:attachment":[{"href":"http:\/\/fmdelpueblo.ar\/index.php?rest_route=%2Fwp%2Fv2%2Fmedia&parent=50716"}],"wp:term":[{"taxonomy":"category","embeddable":true,"href":"http:\/\/fmdelpueblo.ar\/index.php?rest_route=%2Fwp%2Fv2%2Fcategories&post=50716"},{"taxonomy":"post_tag","embeddable":true,"href":"http:\/\/fmdelpueblo.ar\/index.php?rest_route=%2Fwp%2Fv2%2Ftags&post=50716"}],"curies":[{"name":"wp","href":"https:\/\/api.w.org\/{rel}","templated":true}]}}