{"id":50710,"date":"2026-08-31T17:08:56","date_gmt":"2026-08-31T20:08:56","guid":{"rendered":"https:\/\/fmdelpueblo.ar\/?p=50710"},"modified":"2026-08-31T17:08:56","modified_gmt":"2026-08-31T20:08:56","slug":"exposicion-en-times-square-reivindica-contribuciones-de-inmigrantes-ante-ataques-de-trump","status":"publish","type":"post","link":"http:\/\/fmdelpueblo.ar\/?p=50710","title":{"rendered":"Exposici\u00f3n en Times Square reivindica contribuciones de inmigrantes ante ataques de Trump"},"content":{"rendered":"<p>Una exhibici\u00f3n en Times Square celebra las aportaciones de inmigrantes en Nueva York, destacando su papel clave en la identidad cultural y econ\u00f3mica. La campa\u00f1a busca concienciar sobre el valor de estas comunidades en un contexto de pol\u00edticas migratorias restrictivas.<\/p>","protected":false},"excerpt":{"rendered":"<p>Una exhibici\u00f3n en Times Square celebra las aportaciones de inmigrantes en Nueva York, destacando su papel clave en la identidad cultural y econ\u00f3mica. La campa\u00f1a busca concienciar sobre el valor de estas comunidades en un contexto de pol\u00edticas migratorias restrictivas.<\/p>\n","protected":false},"author":0,"featured_media":0,"comment_status":"","ping_status":"","sticky":false,"template":"","format":"standard","meta":{"footnotes":""},"categories":[1],"tags":[],"class_list":["post-50710","post","type-post","status-publish","format-standard","has-post-thumbnail","hentry","category-sin-categoria"],"_links":{"self":[{"href":"http:\/\/fmdelpueblo.ar\/index.php?rest_route=\/wp\/v2\/posts\/50710","targetHints":{"allow":["GET"]}}],"collection":[{"href":"http:\/\/fmdelpueblo.ar\/index.php?rest_route=\/wp\/v2\/posts"}],"about":[{"href":"http:\/\/fmdelpueblo.ar\/index.php?rest_route=\/wp\/v2\/types\/post"}],"replies":[{"embeddable":true,"href":"http:\/\/fmdelpueblo.ar\/index.php?rest_route=%2Fwp%2Fv2%2Fcomments&post=50710"}],"version-history":[{"count":0,"href":"http:\/\/fmdelpueblo.ar\/index.php?rest_route=\/wp\/v2\/posts\/50710\/revisions"}],"wp:attachment":[{"href":"http:\/\/fmdelpueblo.ar\/index.php?rest_route=%2Fwp%2Fv2%2Fmedia&parent=50710"}],"wp:term":[{"taxonomy":"category","embeddable":true,"href":"http:\/\/fmdelpueblo.ar\/index.php?rest_route=%2Fwp%2Fv2%2Fcategories&post=50710"},{"taxonomy":"post_tag","embeddable":true,"href":"http:\/\/fmdelpueblo.ar\/index.php?rest_route=%2Fwp%2Fv2%2Ftags&post=50710"}],"curies":[{"name":"wp","href":"https:\/\/api.w.org\/{rel}","templated":true}]}}