{"id":50709,"date":"2026-08-31T17:08:55","date_gmt":"2026-08-31T20:08:55","guid":{"rendered":"https:\/\/fmdelpueblo.ar\/?p=50709"},"modified":"2026-08-31T17:08:55","modified_gmt":"2026-08-31T20:08:55","slug":"caso-cerimedo-la-defensa-de-nadia-beller-espera-el-traslado-de-su-expareja-a-un-penal-de-maxima-seguridad-en-la-paz","status":"publish","type":"post","link":"http:\/\/fmdelpueblo.ar\/?p=50709","title":{"rendered":"Caso Cerimedo: la defensa de Nadia Beller espera el traslado de su expareja a un penal de m\u00e1xima seguridad en La Paz"},"content":{"rendered":"<p>El ex asesor de Milei permanece recluido en el pabell\u00f3n 6 de la c\u00e1rcel de Palmasola, un lugar exclusivo y destinado a \u00abprivilegiados\u00bb del sistema.Sin embargo el fiscal y los abogados de Beller piden que sea trasladado al penal de las afueras de la capital, el de mayor seguridad del pa\u00eds.<\/p>","protected":false},"excerpt":{"rendered":"<p>El ex asesor de Milei permanece recluido en el pabell\u00f3n 6 de la c\u00e1rcel de Palmasola, un lugar exclusivo y destinado a \u00abprivilegiados\u00bb del sistema.Sin embargo el fiscal y los abogados de Beller piden que sea trasladado al penal de las afueras de la capital, el de mayor seguridad del pa\u00eds.<\/p>\n","protected":false},"author":0,"featured_media":0,"comment_status":"","ping_status":"","sticky":false,"template":"","format":"standard","meta":{"footnotes":""},"categories":[1],"tags":[],"class_list":["post-50709","post","type-post","status-publish","format-standard","has-post-thumbnail","hentry","category-sin-categoria"],"_links":{"self":[{"href":"http:\/\/fmdelpueblo.ar\/index.php?rest_route=\/wp\/v2\/posts\/50709","targetHints":{"allow":["GET"]}}],"collection":[{"href":"http:\/\/fmdelpueblo.ar\/index.php?rest_route=\/wp\/v2\/posts"}],"about":[{"href":"http:\/\/fmdelpueblo.ar\/index.php?rest_route=\/wp\/v2\/types\/post"}],"replies":[{"embeddable":true,"href":"http:\/\/fmdelpueblo.ar\/index.php?rest_route=%2Fwp%2Fv2%2Fcomments&post=50709"}],"version-history":[{"count":0,"href":"http:\/\/fmdelpueblo.ar\/index.php?rest_route=\/wp\/v2\/posts\/50709\/revisions"}],"wp:attachment":[{"href":"http:\/\/fmdelpueblo.ar\/index.php?rest_route=%2Fwp%2Fv2%2Fmedia&parent=50709"}],"wp:term":[{"taxonomy":"category","embeddable":true,"href":"http:\/\/fmdelpueblo.ar\/index.php?rest_route=%2Fwp%2Fv2%2Fcategories&post=50709"},{"taxonomy":"post_tag","embeddable":true,"href":"http:\/\/fmdelpueblo.ar\/index.php?rest_route=%2Fwp%2Fv2%2Ftags&post=50709"}],"curies":[{"name":"wp","href":"https:\/\/api.w.org\/{rel}","templated":true}]}}