{"id":50705,"date":"2026-08-31T16:09:07","date_gmt":"2026-08-31T19:09:07","guid":{"rendered":"http:\/\/fmdelpueblo.ar\/?p=50705"},"modified":"2026-08-31T16:09:07","modified_gmt":"2026-08-31T19:09:07","slug":"bada-2026-mas-de-100-mil-visitantes-menos-ventas-y-un-fuerte-interes-por-las-obras-accesibles","status":"publish","type":"post","link":"http:\/\/fmdelpueblo.ar\/?p=50705","title":{"rendered":"BADA 2026: m\u00e1s de 100 mil visitantes, menos ventas y un fuerte inter\u00e9s por las obras accesibles"},"content":{"rendered":"<p>La feria de arte BADA cerr\u00f3 este domingo en el Pabell\u00f3n Verde de La Rural con m\u00e1s visitantes y un comportamiento dispar de las ventas. Mientras algunas obras de menor precio encontraron compradores, numerosos artistas se\u00f1alaron una ca\u00edda en las operaciones. La organizadora Ana Spinetto asegur\u00f3 que la feria ya super\u00f3 los 100 mil visitantes y destac\u00f3 el crecimiento de la fotograf\u00eda y el arte textil.<\/p>","protected":false},"excerpt":{"rendered":"<p>La feria de arte BADA cerr\u00f3 este domingo en el Pabell\u00f3n Verde de La Rural con m\u00e1s visitantes y un comportamiento dispar de las ventas. Mientras algunas obras de menor precio encontraron compradores, numerosos artistas se\u00f1alaron una ca\u00edda en las operaciones. La organizadora Ana Spinetto asegur\u00f3 que la feria ya super\u00f3 los 100 mil visitantes [&hellip;]<\/p>\n","protected":false},"author":0,"featured_media":0,"comment_status":"","ping_status":"","sticky":false,"template":"","format":"standard","meta":{"footnotes":""},"categories":[1],"tags":[],"class_list":["post-50705","post","type-post","status-publish","format-standard","has-post-thumbnail","hentry","category-sin-categoria"],"_links":{"self":[{"href":"http:\/\/fmdelpueblo.ar\/index.php?rest_route=\/wp\/v2\/posts\/50705","targetHints":{"allow":["GET"]}}],"collection":[{"href":"http:\/\/fmdelpueblo.ar\/index.php?rest_route=\/wp\/v2\/posts"}],"about":[{"href":"http:\/\/fmdelpueblo.ar\/index.php?rest_route=\/wp\/v2\/types\/post"}],"replies":[{"embeddable":true,"href":"http:\/\/fmdelpueblo.ar\/index.php?rest_route=%2Fwp%2Fv2%2Fcomments&post=50705"}],"version-history":[{"count":0,"href":"http:\/\/fmdelpueblo.ar\/index.php?rest_route=\/wp\/v2\/posts\/50705\/revisions"}],"wp:attachment":[{"href":"http:\/\/fmdelpueblo.ar\/index.php?rest_route=%2Fwp%2Fv2%2Fmedia&parent=50705"}],"wp:term":[{"taxonomy":"category","embeddable":true,"href":"http:\/\/fmdelpueblo.ar\/index.php?rest_route=%2Fwp%2Fv2%2Fcategories&post=50705"},{"taxonomy":"post_tag","embeddable":true,"href":"http:\/\/fmdelpueblo.ar\/index.php?rest_route=%2Fwp%2Fv2%2Ftags&post=50705"}],"curies":[{"name":"wp","href":"https:\/\/api.w.org\/{rel}","templated":true}]}}