{"id":50703,"date":"2026-08-31T16:09:06","date_gmt":"2026-08-31T19:09:06","guid":{"rendered":"http:\/\/fmdelpueblo.ar\/?p=50703"},"modified":"2026-08-31T16:09:06","modified_gmt":"2026-08-31T19:09:06","slug":"demandan-en-estados-unidos-a-anthropic-por-el-supuesto-uso-ilegal-de-decenas-de-miles-de-canciones-para-entrenar-su-ia","status":"publish","type":"post","link":"http:\/\/fmdelpueblo.ar\/?p=50703","title":{"rendered":"Demandan en Estados Unidos a Anthropic por el supuesto uso ilegal de \u201cdecenas de miles\u201d de canciones para entrenar su IA"},"content":{"rendered":"<p>Sony Music Publishing y Warner Chappell acusan a la empresa creadora de Claude de utilizar composiciones protegidas por derechos de autor sin autorizaci\u00f3n. El reclamo presentado en California podr\u00eda alcanzar miles de millones de d\u00f3lares.<\/p>","protected":false},"excerpt":{"rendered":"<p>Sony Music Publishing y Warner Chappell acusan a la empresa creadora de Claude de utilizar composiciones protegidas por derechos de autor sin autorizaci\u00f3n. El reclamo presentado en California podr\u00eda alcanzar miles de millones de d\u00f3lares.<\/p>\n","protected":false},"author":0,"featured_media":0,"comment_status":"","ping_status":"","sticky":false,"template":"","format":"standard","meta":{"footnotes":""},"categories":[1],"tags":[],"class_list":["post-50703","post","type-post","status-publish","format-standard","has-post-thumbnail","hentry","category-sin-categoria"],"_links":{"self":[{"href":"http:\/\/fmdelpueblo.ar\/index.php?rest_route=\/wp\/v2\/posts\/50703","targetHints":{"allow":["GET"]}}],"collection":[{"href":"http:\/\/fmdelpueblo.ar\/index.php?rest_route=\/wp\/v2\/posts"}],"about":[{"href":"http:\/\/fmdelpueblo.ar\/index.php?rest_route=\/wp\/v2\/types\/post"}],"replies":[{"embeddable":true,"href":"http:\/\/fmdelpueblo.ar\/index.php?rest_route=%2Fwp%2Fv2%2Fcomments&post=50703"}],"version-history":[{"count":0,"href":"http:\/\/fmdelpueblo.ar\/index.php?rest_route=\/wp\/v2\/posts\/50703\/revisions"}],"wp:attachment":[{"href":"http:\/\/fmdelpueblo.ar\/index.php?rest_route=%2Fwp%2Fv2%2Fmedia&parent=50703"}],"wp:term":[{"taxonomy":"category","embeddable":true,"href":"http:\/\/fmdelpueblo.ar\/index.php?rest_route=%2Fwp%2Fv2%2Fcategories&post=50703"},{"taxonomy":"post_tag","embeddable":true,"href":"http:\/\/fmdelpueblo.ar\/index.php?rest_route=%2Fwp%2Fv2%2Ftags&post=50703"}],"curies":[{"name":"wp","href":"https:\/\/api.w.org\/{rel}","templated":true}]}}