{"id":50702,"date":"2026-08-31T16:09:05","date_gmt":"2026-08-31T19:09:05","guid":{"rendered":"http:\/\/fmdelpueblo.ar\/?p=50702"},"modified":"2026-08-31T16:09:05","modified_gmt":"2026-08-31T19:09:05","slug":"la-joaqui-apoyo-a-callejero-fino-tras-su-detencion-y-recibio-fuertes-criticas-en-las-redes","status":"publish","type":"post","link":"http:\/\/fmdelpueblo.ar\/?p=50702","title":{"rendered":"La Joaqui apoy\u00f3 a Callejero Fino tras su detenci\u00f3n y recibi\u00f3 fuertes cr\u00edticas en las redes"},"content":{"rendered":"<p>La artista public\u00f3 un mensaje de apoyo para el cantante de m\u00fasica urbana, detenido durante la madrugada del domingo.La reacci\u00f3n gener\u00f3 cientos de comentarios en X.<\/p>","protected":false},"excerpt":{"rendered":"<p>La artista public\u00f3 un mensaje de apoyo para el cantante de m\u00fasica urbana, detenido durante la madrugada del domingo.La reacci\u00f3n gener\u00f3 cientos de comentarios en X.<\/p>\n","protected":false},"author":0,"featured_media":0,"comment_status":"","ping_status":"","sticky":false,"template":"","format":"standard","meta":{"footnotes":""},"categories":[1],"tags":[],"class_list":["post-50702","post","type-post","status-publish","format-standard","has-post-thumbnail","hentry","category-sin-categoria"],"_links":{"self":[{"href":"http:\/\/fmdelpueblo.ar\/index.php?rest_route=\/wp\/v2\/posts\/50702","targetHints":{"allow":["GET"]}}],"collection":[{"href":"http:\/\/fmdelpueblo.ar\/index.php?rest_route=\/wp\/v2\/posts"}],"about":[{"href":"http:\/\/fmdelpueblo.ar\/index.php?rest_route=\/wp\/v2\/types\/post"}],"replies":[{"embeddable":true,"href":"http:\/\/fmdelpueblo.ar\/index.php?rest_route=%2Fwp%2Fv2%2Fcomments&post=50702"}],"version-history":[{"count":0,"href":"http:\/\/fmdelpueblo.ar\/index.php?rest_route=\/wp\/v2\/posts\/50702\/revisions"}],"wp:attachment":[{"href":"http:\/\/fmdelpueblo.ar\/index.php?rest_route=%2Fwp%2Fv2%2Fmedia&parent=50702"}],"wp:term":[{"taxonomy":"category","embeddable":true,"href":"http:\/\/fmdelpueblo.ar\/index.php?rest_route=%2Fwp%2Fv2%2Fcategories&post=50702"},{"taxonomy":"post_tag","embeddable":true,"href":"http:\/\/fmdelpueblo.ar\/index.php?rest_route=%2Fwp%2Fv2%2Ftags&post=50702"}],"curies":[{"name":"wp","href":"https:\/\/api.w.org\/{rel}","templated":true}]}}