{"id":507,"date":"2021-10-30T19:15:55","date_gmt":"2021-10-30T19:15:55","guid":{"rendered":"https:\/\/fmdelpueblo.ar\/?p=507"},"modified":"2021-10-30T19:15:55","modified_gmt":"2021-10-30T19:15:55","slug":"mientras-alberto-fernandez-estaba-con-georgieva-maximo-kirchner-le-reclamo-al-fmi","status":"publish","type":"post","link":"http:\/\/fmdelpueblo.ar\/?p=507","title":{"rendered":"Mientras Alberto Fern\u00e1ndez estaba con Georgieva, M\u00e1ximo Kirchner le reclam\u00f3 al FMI"},"content":{"rendered":"<\/p>\n<p>El l\u00edder de La C\u00e1mpora pidi\u00f3 \u00abun cambio de mirada del FMI\u00bb y que el pa\u00eds \u00abtenga m\u00e1s tiempo\u00bb para pagar la deuda. En ese momento, el Presidente estaba reunido con la titular del Fondo en Roma por la Cumbre del G20. <a href=\"https:\/\/www.perfil.com\/noticias\/politica\/maximo-kirchner-reclamo-fmi-mientras-alberto-fernandez-estaba-con-kristalina-georgieva.phtml\">Leer m\u00e1s<\/a><\/p>\n","protected":false},"excerpt":{"rendered":"<p>El l\u00edder de La C\u00e1mpora pidi\u00f3 \u00abun cambio de mirada del FMI\u00bb y que el pa\u00eds \u00abtenga m\u00e1s tiempo\u00bb para pagar la deuda. En ese momento, el Presidente estaba reunido con la titular del Fondo en Roma por la Cumbre del G20. Leer m\u00e1s<\/p>\n","protected":false},"author":0,"featured_media":0,"comment_status":"","ping_status":"","sticky":false,"template":"","format":"standard","meta":{"footnotes":""},"categories":[1],"tags":[],"class_list":["post-507","post","type-post","status-publish","format-standard","hentry","category-sin-categoria"],"_links":{"self":[{"href":"http:\/\/fmdelpueblo.ar\/index.php?rest_route=\/wp\/v2\/posts\/507","targetHints":{"allow":["GET"]}}],"collection":[{"href":"http:\/\/fmdelpueblo.ar\/index.php?rest_route=\/wp\/v2\/posts"}],"about":[{"href":"http:\/\/fmdelpueblo.ar\/index.php?rest_route=\/wp\/v2\/types\/post"}],"replies":[{"embeddable":true,"href":"http:\/\/fmdelpueblo.ar\/index.php?rest_route=%2Fwp%2Fv2%2Fcomments&post=507"}],"version-history":[{"count":0,"href":"http:\/\/fmdelpueblo.ar\/index.php?rest_route=\/wp\/v2\/posts\/507\/revisions"}],"wp:attachment":[{"href":"http:\/\/fmdelpueblo.ar\/index.php?rest_route=%2Fwp%2Fv2%2Fmedia&parent=507"}],"wp:term":[{"taxonomy":"category","embeddable":true,"href":"http:\/\/fmdelpueblo.ar\/index.php?rest_route=%2Fwp%2Fv2%2Fcategories&post=507"},{"taxonomy":"post_tag","embeddable":true,"href":"http:\/\/fmdelpueblo.ar\/index.php?rest_route=%2Fwp%2Fv2%2Ftags&post=507"}],"curies":[{"name":"wp","href":"https:\/\/api.w.org\/{rel}","templated":true}]}}