{"id":50698,"date":"2026-08-31T15:08:59","date_gmt":"2026-08-31T18:08:59","guid":{"rendered":"http:\/\/fmdelpueblo.ar\/?p=50698"},"modified":"2026-08-31T15:08:59","modified_gmt":"2026-08-31T18:08:59","slug":"la-mayor-fabricante-de-fertilizantes-del-pais-capto-financiamiento-por-us-903-millones-en-el-mercado-local","status":"publish","type":"post","link":"http:\/\/fmdelpueblo.ar\/?p=50698","title":{"rendered":"La mayor fabricante de fertilizantes del pa\u00eds capt\u00f3 financiamiento por US$ 90,3 millones en el mercado local"},"content":{"rendered":"<p>Profertil coloc\u00f3 su cuarta emisi\u00f3n de Obligaciones Negociables Clase IV, cuyas ofertas superaron ampliamente a la operaci\u00f3n prevista.<\/p>","protected":false},"excerpt":{"rendered":"<p>Profertil coloc\u00f3 su cuarta emisi\u00f3n de Obligaciones Negociables Clase IV, cuyas ofertas superaron ampliamente a la operaci\u00f3n prevista.<\/p>\n","protected":false},"author":0,"featured_media":0,"comment_status":"","ping_status":"","sticky":false,"template":"","format":"standard","meta":{"footnotes":""},"categories":[1],"tags":[],"class_list":["post-50698","post","type-post","status-publish","format-standard","has-post-thumbnail","hentry","category-sin-categoria"],"_links":{"self":[{"href":"http:\/\/fmdelpueblo.ar\/index.php?rest_route=\/wp\/v2\/posts\/50698","targetHints":{"allow":["GET"]}}],"collection":[{"href":"http:\/\/fmdelpueblo.ar\/index.php?rest_route=\/wp\/v2\/posts"}],"about":[{"href":"http:\/\/fmdelpueblo.ar\/index.php?rest_route=\/wp\/v2\/types\/post"}],"replies":[{"embeddable":true,"href":"http:\/\/fmdelpueblo.ar\/index.php?rest_route=%2Fwp%2Fv2%2Fcomments&post=50698"}],"version-history":[{"count":0,"href":"http:\/\/fmdelpueblo.ar\/index.php?rest_route=\/wp\/v2\/posts\/50698\/revisions"}],"wp:attachment":[{"href":"http:\/\/fmdelpueblo.ar\/index.php?rest_route=%2Fwp%2Fv2%2Fmedia&parent=50698"}],"wp:term":[{"taxonomy":"category","embeddable":true,"href":"http:\/\/fmdelpueblo.ar\/index.php?rest_route=%2Fwp%2Fv2%2Fcategories&post=50698"},{"taxonomy":"post_tag","embeddable":true,"href":"http:\/\/fmdelpueblo.ar\/index.php?rest_route=%2Fwp%2Fv2%2Ftags&post=50698"}],"curies":[{"name":"wp","href":"https:\/\/api.w.org\/{rel}","templated":true}]}}