{"id":50697,"date":"2026-08-31T15:08:58","date_gmt":"2026-08-31T18:08:58","guid":{"rendered":"http:\/\/fmdelpueblo.ar\/?p=50697"},"modified":"2026-08-31T15:08:58","modified_gmt":"2026-08-31T18:08:58","slug":"enzo-fernandez-volvio-a-escribirle-a-messi-diez-anos-despues-de-aquella-carta-de-un-pibe-que-le-pedia-que-no-se-fuera-a-despedir-a-su-capitan","status":"publish","type":"post","link":"http:\/\/fmdelpueblo.ar\/?p=50697","title":{"rendered":"Enzo Fern\u00e1ndez volvi\u00f3 a escribirle a Messi diez a\u00f1os despu\u00e9s: de aquella carta de un pibe que le ped\u00eda que no se fuera a despedir a su capit\u00e1n"},"content":{"rendered":"<p>El volante public\u00f3 un emotivo mensaje tras el retiro de Leo: \u201cQu\u00e9 suerte tuvo ese pibe que hac\u00eda cuentas sin saber si alg\u00fan d\u00eda iba a llegar a tiempo\u201d.En 2016, cuando ten\u00eda 15 a\u00f1os y jugaba en las Inferiores de River, hab\u00eda compartido en Facebook un texto para pedirle que reconsiderara su primera renuncia. Seis a\u00f1os despu\u00e9s fueron campeones del mundo juntos en Qatar.<\/p>","protected":false},"excerpt":{"rendered":"<p>El volante public\u00f3 un emotivo mensaje tras el retiro de Leo: \u201cQu\u00e9 suerte tuvo ese pibe que hac\u00eda cuentas sin saber si alg\u00fan d\u00eda iba a llegar a tiempo\u201d.En 2016, cuando ten\u00eda 15 a\u00f1os y jugaba en las Inferiores de River, hab\u00eda compartido en Facebook un texto para pedirle que reconsiderara su primera renuncia. Seis [&hellip;]<\/p>\n","protected":false},"author":0,"featured_media":0,"comment_status":"","ping_status":"","sticky":false,"template":"","format":"standard","meta":{"footnotes":""},"categories":[1],"tags":[],"class_list":["post-50697","post","type-post","status-publish","format-standard","has-post-thumbnail","hentry","category-sin-categoria"],"_links":{"self":[{"href":"http:\/\/fmdelpueblo.ar\/index.php?rest_route=\/wp\/v2\/posts\/50697","targetHints":{"allow":["GET"]}}],"collection":[{"href":"http:\/\/fmdelpueblo.ar\/index.php?rest_route=\/wp\/v2\/posts"}],"about":[{"href":"http:\/\/fmdelpueblo.ar\/index.php?rest_route=\/wp\/v2\/types\/post"}],"replies":[{"embeddable":true,"href":"http:\/\/fmdelpueblo.ar\/index.php?rest_route=%2Fwp%2Fv2%2Fcomments&post=50697"}],"version-history":[{"count":0,"href":"http:\/\/fmdelpueblo.ar\/index.php?rest_route=\/wp\/v2\/posts\/50697\/revisions"}],"wp:attachment":[{"href":"http:\/\/fmdelpueblo.ar\/index.php?rest_route=%2Fwp%2Fv2%2Fmedia&parent=50697"}],"wp:term":[{"taxonomy":"category","embeddable":true,"href":"http:\/\/fmdelpueblo.ar\/index.php?rest_route=%2Fwp%2Fv2%2Fcategories&post=50697"},{"taxonomy":"post_tag","embeddable":true,"href":"http:\/\/fmdelpueblo.ar\/index.php?rest_route=%2Fwp%2Fv2%2Ftags&post=50697"}],"curies":[{"name":"wp","href":"https:\/\/api.w.org\/{rel}","templated":true}]}}