{"id":50696,"date":"2026-08-31T15:08:57","date_gmt":"2026-08-31T18:08:57","guid":{"rendered":"http:\/\/fmdelpueblo.ar\/?p=50696"},"modified":"2026-08-31T15:08:57","modified_gmt":"2026-08-31T18:08:57","slug":"callejero-fino-canto-a-medias-en-la-indagatoria-una-noche-con-frio-hamburguesas-y-nada-sobre-la-pistola","status":"publish","type":"post","link":"http:\/\/fmdelpueblo.ar\/?p=50696","title":{"rendered":"Callejero Fino cant\u00f3 a medias en la indagatoria: una noche con fr\u00edo, hamburguesas y nada sobre la pistola"},"content":{"rendered":"<p>El popular m\u00fasico declar\u00f3 ante el fiscal Cosme Iribarren junto con su primo Steven Joel Ricca, tambi\u00e9n detenido.Se quej\u00f3 de c\u00f3mo lo trat\u00f3 la Polic\u00eda cuando lo arrestaron y no dio explicaciones sobre la pistola con numeraci\u00f3n suprimida que encontraron en la VW Amarok sin patente.<\/p>","protected":false},"excerpt":{"rendered":"<p>El popular m\u00fasico declar\u00f3 ante el fiscal Cosme Iribarren junto con su primo Steven Joel Ricca, tambi\u00e9n detenido.Se quej\u00f3 de c\u00f3mo lo trat\u00f3 la Polic\u00eda cuando lo arrestaron y no dio explicaciones sobre la pistola con numeraci\u00f3n suprimida que encontraron en la VW Amarok sin patente.<\/p>\n","protected":false},"author":0,"featured_media":0,"comment_status":"","ping_status":"","sticky":false,"template":"","format":"standard","meta":{"footnotes":""},"categories":[1],"tags":[],"class_list":["post-50696","post","type-post","status-publish","format-standard","has-post-thumbnail","hentry","category-sin-categoria"],"_links":{"self":[{"href":"http:\/\/fmdelpueblo.ar\/index.php?rest_route=\/wp\/v2\/posts\/50696","targetHints":{"allow":["GET"]}}],"collection":[{"href":"http:\/\/fmdelpueblo.ar\/index.php?rest_route=\/wp\/v2\/posts"}],"about":[{"href":"http:\/\/fmdelpueblo.ar\/index.php?rest_route=\/wp\/v2\/types\/post"}],"replies":[{"embeddable":true,"href":"http:\/\/fmdelpueblo.ar\/index.php?rest_route=%2Fwp%2Fv2%2Fcomments&post=50696"}],"version-history":[{"count":0,"href":"http:\/\/fmdelpueblo.ar\/index.php?rest_route=\/wp\/v2\/posts\/50696\/revisions"}],"wp:attachment":[{"href":"http:\/\/fmdelpueblo.ar\/index.php?rest_route=%2Fwp%2Fv2%2Fmedia&parent=50696"}],"wp:term":[{"taxonomy":"category","embeddable":true,"href":"http:\/\/fmdelpueblo.ar\/index.php?rest_route=%2Fwp%2Fv2%2Fcategories&post=50696"},{"taxonomy":"post_tag","embeddable":true,"href":"http:\/\/fmdelpueblo.ar\/index.php?rest_route=%2Fwp%2Fv2%2Ftags&post=50696"}],"curies":[{"name":"wp","href":"https:\/\/api.w.org\/{rel}","templated":true}]}}