{"id":50694,"date":"2026-08-31T15:08:56","date_gmt":"2026-08-31T18:08:56","guid":{"rendered":"http:\/\/fmdelpueblo.ar\/?p=50694"},"modified":"2026-08-31T15:08:56","modified_gmt":"2026-08-31T18:08:56","slug":"mansion-de-pilar-la-fiscalia-apelo-a-la-corte-suprema-para-que-revoque-el-fallo-que-llevo-el-caso-al-juzgado-que-quieren-tapia-y-toviggino","status":"publish","type":"post","link":"http:\/\/fmdelpueblo.ar\/?p=50694","title":{"rendered":"Mansi\u00f3n de Pilar: la Fiscal\u00eda apel\u00f3 a la Corte Suprema para que revoque el fallo que llev\u00f3 el caso al juzgado que quieren Tapia y Toviggino"},"content":{"rendered":"<p>El fiscal general Mario Villar calific\u00f3 de \u00abarbitraria\u00bb la sentencia de Casaci\u00f3n que acept\u00f3 el pedido de los acusados y envi\u00f3 la causa a Campana.Sostuvo que debe regresar al juez de Comodoro Py Daniel Rafecas, que fue el primero que intervino.<\/p>","protected":false},"excerpt":{"rendered":"<p>El fiscal general Mario Villar calific\u00f3 de \u00abarbitraria\u00bb la sentencia de Casaci\u00f3n que acept\u00f3 el pedido de los acusados y envi\u00f3 la causa a Campana.Sostuvo que debe regresar al juez de Comodoro Py Daniel Rafecas, que fue el primero que intervino.<\/p>\n","protected":false},"author":0,"featured_media":0,"comment_status":"","ping_status":"","sticky":false,"template":"","format":"standard","meta":{"footnotes":""},"categories":[1],"tags":[],"class_list":["post-50694","post","type-post","status-publish","format-standard","has-post-thumbnail","hentry","category-sin-categoria"],"_links":{"self":[{"href":"http:\/\/fmdelpueblo.ar\/index.php?rest_route=\/wp\/v2\/posts\/50694","targetHints":{"allow":["GET"]}}],"collection":[{"href":"http:\/\/fmdelpueblo.ar\/index.php?rest_route=\/wp\/v2\/posts"}],"about":[{"href":"http:\/\/fmdelpueblo.ar\/index.php?rest_route=\/wp\/v2\/types\/post"}],"replies":[{"embeddable":true,"href":"http:\/\/fmdelpueblo.ar\/index.php?rest_route=%2Fwp%2Fv2%2Fcomments&post=50694"}],"version-history":[{"count":0,"href":"http:\/\/fmdelpueblo.ar\/index.php?rest_route=\/wp\/v2\/posts\/50694\/revisions"}],"wp:attachment":[{"href":"http:\/\/fmdelpueblo.ar\/index.php?rest_route=%2Fwp%2Fv2%2Fmedia&parent=50694"}],"wp:term":[{"taxonomy":"category","embeddable":true,"href":"http:\/\/fmdelpueblo.ar\/index.php?rest_route=%2Fwp%2Fv2%2Fcategories&post=50694"},{"taxonomy":"post_tag","embeddable":true,"href":"http:\/\/fmdelpueblo.ar\/index.php?rest_route=%2Fwp%2Fv2%2Ftags&post=50694"}],"curies":[{"name":"wp","href":"https:\/\/api.w.org\/{rel}","templated":true}]}}