{"id":50693,"date":"2026-08-31T15:08:55","date_gmt":"2026-08-31T18:08:55","guid":{"rendered":"http:\/\/fmdelpueblo.ar\/?p=50693"},"modified":"2026-08-31T15:08:55","modified_gmt":"2026-08-31T18:08:55","slug":"bessent-se-reune-con-el-g20-para-sumar-aliados-sobre-iran-pero-aranceles-tensan-lazos","status":"publish","type":"post","link":"http:\/\/fmdelpueblo.ar\/?p=50693","title":{"rendered":"Bessent se re\u00fane con el G20 para sumar aliados sobre Ir\u00e1n, pero aranceles tensan lazos"},"content":{"rendered":"<p>El secretario del Tesoro de EE.UU. se re\u00fane con l\u00edderes del G20 en medio de tensiones por aranceles y conflictos con Ir\u00e1n. Busca impulsar la econom\u00eda global.Bessent planea sanciones adicionales a Ir\u00e1n y presiona a China por sus compras de petr\u00f3leo. La UE apoya las medidas, pero hay desaf\u00edos diplom\u00e1ticos.<\/p>","protected":false},"excerpt":{"rendered":"<p>El secretario del Tesoro de EE.UU. se re\u00fane con l\u00edderes del G20 en medio de tensiones por aranceles y conflictos con Ir\u00e1n. Busca impulsar la econom\u00eda global.Bessent planea sanciones adicionales a Ir\u00e1n y presiona a China por sus compras de petr\u00f3leo. La UE apoya las medidas, pero hay desaf\u00edos diplom\u00e1ticos.<\/p>\n","protected":false},"author":0,"featured_media":0,"comment_status":"","ping_status":"","sticky":false,"template":"","format":"standard","meta":{"footnotes":""},"categories":[1],"tags":[],"class_list":["post-50693","post","type-post","status-publish","format-standard","has-post-thumbnail","hentry","category-sin-categoria"],"_links":{"self":[{"href":"http:\/\/fmdelpueblo.ar\/index.php?rest_route=\/wp\/v2\/posts\/50693","targetHints":{"allow":["GET"]}}],"collection":[{"href":"http:\/\/fmdelpueblo.ar\/index.php?rest_route=\/wp\/v2\/posts"}],"about":[{"href":"http:\/\/fmdelpueblo.ar\/index.php?rest_route=\/wp\/v2\/types\/post"}],"replies":[{"embeddable":true,"href":"http:\/\/fmdelpueblo.ar\/index.php?rest_route=%2Fwp%2Fv2%2Fcomments&post=50693"}],"version-history":[{"count":0,"href":"http:\/\/fmdelpueblo.ar\/index.php?rest_route=\/wp\/v2\/posts\/50693\/revisions"}],"wp:attachment":[{"href":"http:\/\/fmdelpueblo.ar\/index.php?rest_route=%2Fwp%2Fv2%2Fmedia&parent=50693"}],"wp:term":[{"taxonomy":"category","embeddable":true,"href":"http:\/\/fmdelpueblo.ar\/index.php?rest_route=%2Fwp%2Fv2%2Fcategories&post=50693"},{"taxonomy":"post_tag","embeddable":true,"href":"http:\/\/fmdelpueblo.ar\/index.php?rest_route=%2Fwp%2Fv2%2Ftags&post=50693"}],"curies":[{"name":"wp","href":"https:\/\/api.w.org\/{rel}","templated":true}]}}