{"id":50692,"date":"2026-08-31T15:08:54","date_gmt":"2026-08-31T18:08:54","guid":{"rendered":"http:\/\/fmdelpueblo.ar\/?p=50692"},"modified":"2026-08-31T15:08:54","modified_gmt":"2026-08-31T18:08:54","slug":"el-presidente-chileno-jose-antonio-kast-salio-a-despegarse-de-cerimedo-en-ninguna-de-mis-campanas-participo-ese-senor","status":"publish","type":"post","link":"http:\/\/fmdelpueblo.ar\/?p=50692","title":{"rendered":"El presidente chileno Jos\u00e9 Antonio Kast sali\u00f3 a despegarse de Cerimedo: \u00abEn ninguna de mis campa\u00f1as particip\u00f3 ese se\u00f1or\u00bb"},"content":{"rendered":"<p>El mandatario aclar\u00f3 cu\u00e1l es su relaci\u00f3n con el consultor, detenido en Bolivia por intento de femicidio, tras la denuncia de un diputado socialista.<\/p>","protected":false},"excerpt":{"rendered":"<p>El mandatario aclar\u00f3 cu\u00e1l es su relaci\u00f3n con el consultor, detenido en Bolivia por intento de femicidio, tras la denuncia de un diputado socialista.<\/p>\n","protected":false},"author":0,"featured_media":0,"comment_status":"","ping_status":"","sticky":false,"template":"","format":"standard","meta":{"footnotes":""},"categories":[1],"tags":[],"class_list":["post-50692","post","type-post","status-publish","format-standard","has-post-thumbnail","hentry","category-sin-categoria"],"_links":{"self":[{"href":"http:\/\/fmdelpueblo.ar\/index.php?rest_route=\/wp\/v2\/posts\/50692","targetHints":{"allow":["GET"]}}],"collection":[{"href":"http:\/\/fmdelpueblo.ar\/index.php?rest_route=\/wp\/v2\/posts"}],"about":[{"href":"http:\/\/fmdelpueblo.ar\/index.php?rest_route=\/wp\/v2\/types\/post"}],"replies":[{"embeddable":true,"href":"http:\/\/fmdelpueblo.ar\/index.php?rest_route=%2Fwp%2Fv2%2Fcomments&post=50692"}],"version-history":[{"count":0,"href":"http:\/\/fmdelpueblo.ar\/index.php?rest_route=\/wp\/v2\/posts\/50692\/revisions"}],"wp:attachment":[{"href":"http:\/\/fmdelpueblo.ar\/index.php?rest_route=%2Fwp%2Fv2%2Fmedia&parent=50692"}],"wp:term":[{"taxonomy":"category","embeddable":true,"href":"http:\/\/fmdelpueblo.ar\/index.php?rest_route=%2Fwp%2Fv2%2Fcategories&post=50692"},{"taxonomy":"post_tag","embeddable":true,"href":"http:\/\/fmdelpueblo.ar\/index.php?rest_route=%2Fwp%2Fv2%2Ftags&post=50692"}],"curies":[{"name":"wp","href":"https:\/\/api.w.org\/{rel}","templated":true}]}}