{"id":50691,"date":"2026-08-31T15:08:53","date_gmt":"2026-08-31T18:08:53","guid":{"rendered":"http:\/\/fmdelpueblo.ar\/?p=50691"},"modified":"2026-08-31T15:08:53","modified_gmt":"2026-08-31T18:08:53","slug":"el-ultimo-mundial-de-messi-a-los-39-anos-con-el-cuerpo-al-limite-y-mas-argentino-que-nunca","status":"publish","type":"post","link":"http:\/\/fmdelpueblo.ar\/?p=50691","title":{"rendered":"El \u00faltimo Mundial de Messi: a los 39 a\u00f1os, con el cuerpo al l\u00edmite y m\u00e1s argentino que nunca"},"content":{"rendered":"<p>Hizo ocho goles y llev\u00f3 a la Selecci\u00f3n hasta la final mientras conviv\u00eda con las malas noticias sobre la salud de su pap\u00e1.Jug\u00f3 con el talento de siempre, pero tambi\u00e9n con la piel y el coraz\u00f3n.La \u00faltima Copa del Mundo mostr\u00f3 una versi\u00f3n diferente de Leo.<\/p>","protected":false},"excerpt":{"rendered":"<p>Hizo ocho goles y llev\u00f3 a la Selecci\u00f3n hasta la final mientras conviv\u00eda con las malas noticias sobre la salud de su pap\u00e1.Jug\u00f3 con el talento de siempre, pero tambi\u00e9n con la piel y el coraz\u00f3n.La \u00faltima Copa del Mundo mostr\u00f3 una versi\u00f3n diferente de Leo.<\/p>\n","protected":false},"author":0,"featured_media":0,"comment_status":"","ping_status":"","sticky":false,"template":"","format":"standard","meta":{"footnotes":""},"categories":[1],"tags":[],"class_list":["post-50691","post","type-post","status-publish","format-standard","has-post-thumbnail","hentry","category-sin-categoria"],"_links":{"self":[{"href":"http:\/\/fmdelpueblo.ar\/index.php?rest_route=\/wp\/v2\/posts\/50691","targetHints":{"allow":["GET"]}}],"collection":[{"href":"http:\/\/fmdelpueblo.ar\/index.php?rest_route=\/wp\/v2\/posts"}],"about":[{"href":"http:\/\/fmdelpueblo.ar\/index.php?rest_route=\/wp\/v2\/types\/post"}],"replies":[{"embeddable":true,"href":"http:\/\/fmdelpueblo.ar\/index.php?rest_route=%2Fwp%2Fv2%2Fcomments&post=50691"}],"version-history":[{"count":0,"href":"http:\/\/fmdelpueblo.ar\/index.php?rest_route=\/wp\/v2\/posts\/50691\/revisions"}],"wp:attachment":[{"href":"http:\/\/fmdelpueblo.ar\/index.php?rest_route=%2Fwp%2Fv2%2Fmedia&parent=50691"}],"wp:term":[{"taxonomy":"category","embeddable":true,"href":"http:\/\/fmdelpueblo.ar\/index.php?rest_route=%2Fwp%2Fv2%2Fcategories&post=50691"},{"taxonomy":"post_tag","embeddable":true,"href":"http:\/\/fmdelpueblo.ar\/index.php?rest_route=%2Fwp%2Fv2%2Ftags&post=50691"}],"curies":[{"name":"wp","href":"https:\/\/api.w.org\/{rel}","templated":true}]}}