{"id":50688,"date":"2026-08-31T14:09:05","date_gmt":"2026-08-31T17:09:05","guid":{"rendered":"http:\/\/fmdelpueblo.ar\/?p=50688"},"modified":"2026-08-31T14:09:05","modified_gmt":"2026-08-31T17:09:05","slug":"tini-stoessel-rompio-el-silencio-en-medio-del-escandalo-con-su-padre-tengo-las-cosas-mas-claras","status":"publish","type":"post","link":"http:\/\/fmdelpueblo.ar\/?p=50688","title":{"rendered":"Tini Stoessel rompi\u00f3 el silencio en medio del esc\u00e1ndalo con su padre: \u201cTengo las cosas m\u00e1s claras\u201d"},"content":{"rendered":"<p>La cantante habl\u00f3 de las personas que la acompa\u00f1an desde hace a\u00f1os y destac\u00f3 el rol de la terapia en su vida.Adem\u00e1s, reflexion\u00f3 sobre los procesos personales y las heridas que cada uno atraviesa a lo largo de la vida.<\/p>","protected":false},"excerpt":{"rendered":"<p>La cantante habl\u00f3 de las personas que la acompa\u00f1an desde hace a\u00f1os y destac\u00f3 el rol de la terapia en su vida.Adem\u00e1s, reflexion\u00f3 sobre los procesos personales y las heridas que cada uno atraviesa a lo largo de la vida.<\/p>\n","protected":false},"author":0,"featured_media":0,"comment_status":"","ping_status":"","sticky":false,"template":"","format":"standard","meta":{"footnotes":""},"categories":[1],"tags":[],"class_list":["post-50688","post","type-post","status-publish","format-standard","has-post-thumbnail","hentry","category-sin-categoria"],"_links":{"self":[{"href":"http:\/\/fmdelpueblo.ar\/index.php?rest_route=\/wp\/v2\/posts\/50688","targetHints":{"allow":["GET"]}}],"collection":[{"href":"http:\/\/fmdelpueblo.ar\/index.php?rest_route=\/wp\/v2\/posts"}],"about":[{"href":"http:\/\/fmdelpueblo.ar\/index.php?rest_route=\/wp\/v2\/types\/post"}],"replies":[{"embeddable":true,"href":"http:\/\/fmdelpueblo.ar\/index.php?rest_route=%2Fwp%2Fv2%2Fcomments&post=50688"}],"version-history":[{"count":0,"href":"http:\/\/fmdelpueblo.ar\/index.php?rest_route=\/wp\/v2\/posts\/50688\/revisions"}],"wp:attachment":[{"href":"http:\/\/fmdelpueblo.ar\/index.php?rest_route=%2Fwp%2Fv2%2Fmedia&parent=50688"}],"wp:term":[{"taxonomy":"category","embeddable":true,"href":"http:\/\/fmdelpueblo.ar\/index.php?rest_route=%2Fwp%2Fv2%2Fcategories&post=50688"},{"taxonomy":"post_tag","embeddable":true,"href":"http:\/\/fmdelpueblo.ar\/index.php?rest_route=%2Fwp%2Fv2%2Ftags&post=50688"}],"curies":[{"name":"wp","href":"https:\/\/api.w.org\/{rel}","templated":true}]}}