{"id":50687,"date":"2026-08-31T14:09:04","date_gmt":"2026-08-31T17:09:04","guid":{"rendered":"http:\/\/fmdelpueblo.ar\/?p=50687"},"modified":"2026-08-31T14:09:04","modified_gmt":"2026-08-31T17:09:04","slug":"soledad-fandino-hablo-a-corazon-abierto-sobre-su-vida-despues-del-cancer-de-mama-siento-que-hay-una-parte-de-mi-que-ya-no-esta","status":"publish","type":"post","link":"http:\/\/fmdelpueblo.ar\/?p=50687","title":{"rendered":"Soledad Fandi\u00f1o habl\u00f3 a coraz\u00f3n abierto sobre su vida despu\u00e9s del c\u00e1ncer de mama: \u201cSiento que hay una parte de m\u00ed que ya no est\u00e1\u201d"},"content":{"rendered":"<p>A casi dos a\u00f1os de la operaci\u00f3n, la actriz cont\u00f3 c\u00f3mo atraviesa el proceso emocional y los cambios que experiment\u00f3 desde entonces.\u201cUno piensa que cuando te operan ya est\u00e1 y no es as\u00ed\u201d, reflexion\u00f3.<\/p>","protected":false},"excerpt":{"rendered":"<p>A casi dos a\u00f1os de la operaci\u00f3n, la actriz cont\u00f3 c\u00f3mo atraviesa el proceso emocional y los cambios que experiment\u00f3 desde entonces.\u201cUno piensa que cuando te operan ya est\u00e1 y no es as\u00ed\u201d, reflexion\u00f3.<\/p>\n","protected":false},"author":0,"featured_media":0,"comment_status":"","ping_status":"","sticky":false,"template":"","format":"standard","meta":{"footnotes":""},"categories":[1],"tags":[],"class_list":["post-50687","post","type-post","status-publish","format-standard","has-post-thumbnail","hentry","category-sin-categoria"],"_links":{"self":[{"href":"http:\/\/fmdelpueblo.ar\/index.php?rest_route=\/wp\/v2\/posts\/50687","targetHints":{"allow":["GET"]}}],"collection":[{"href":"http:\/\/fmdelpueblo.ar\/index.php?rest_route=\/wp\/v2\/posts"}],"about":[{"href":"http:\/\/fmdelpueblo.ar\/index.php?rest_route=\/wp\/v2\/types\/post"}],"replies":[{"embeddable":true,"href":"http:\/\/fmdelpueblo.ar\/index.php?rest_route=%2Fwp%2Fv2%2Fcomments&post=50687"}],"version-history":[{"count":0,"href":"http:\/\/fmdelpueblo.ar\/index.php?rest_route=\/wp\/v2\/posts\/50687\/revisions"}],"wp:attachment":[{"href":"http:\/\/fmdelpueblo.ar\/index.php?rest_route=%2Fwp%2Fv2%2Fmedia&parent=50687"}],"wp:term":[{"taxonomy":"category","embeddable":true,"href":"http:\/\/fmdelpueblo.ar\/index.php?rest_route=%2Fwp%2Fv2%2Fcategories&post=50687"},{"taxonomy":"post_tag","embeddable":true,"href":"http:\/\/fmdelpueblo.ar\/index.php?rest_route=%2Fwp%2Fv2%2Ftags&post=50687"}],"curies":[{"name":"wp","href":"https:\/\/api.w.org\/{rel}","templated":true}]}}