{"id":50686,"date":"2026-08-31T14:09:03","date_gmt":"2026-08-31T17:09:03","guid":{"rendered":"http:\/\/fmdelpueblo.ar\/?p=50686"},"modified":"2026-08-31T14:09:03","modified_gmt":"2026-08-31T17:09:03","slug":"impacto-mundial-por-el-retiro-de-lionel-messi-de-la-seleccion-argentina-asi-reaccionaron-los-principales-medios-del-planeta","status":"publish","type":"post","link":"http:\/\/fmdelpueblo.ar\/?p=50686","title":{"rendered":"Impacto mundial por el retiro de Lionel Messi de la Selecci\u00f3n Argentina: as\u00ed reaccionaron los principales medios del planeta"},"content":{"rendered":"<p>Diarios de Espa\u00f1a, Brasil e Inglaterra llevaron a sus portadas la despedida del capit\u00e1n argentino y destacaron una de sus frases m\u00e1s fuertes: \u201cMe vaci\u00e9, ya no tengo m\u00e1s para dar\u201d.Marca habl\u00f3 de \u201cbombazo\u201d, AS sigui\u00f3 la noticia minuto a minuto y medios como The Guardian y BBC remarcaron el final de una era para el f\u00fatbol mundial.<\/p>","protected":false},"excerpt":{"rendered":"<p>Diarios de Espa\u00f1a, Brasil e Inglaterra llevaron a sus portadas la despedida del capit\u00e1n argentino y destacaron una de sus frases m\u00e1s fuertes: \u201cMe vaci\u00e9, ya no tengo m\u00e1s para dar\u201d.Marca habl\u00f3 de \u201cbombazo\u201d, AS sigui\u00f3 la noticia minuto a minuto y medios como The Guardian y BBC remarcaron el final de una era para [&hellip;]<\/p>\n","protected":false},"author":0,"featured_media":0,"comment_status":"","ping_status":"","sticky":false,"template":"","format":"standard","meta":{"footnotes":""},"categories":[1],"tags":[],"class_list":["post-50686","post","type-post","status-publish","format-standard","has-post-thumbnail","hentry","category-sin-categoria"],"_links":{"self":[{"href":"http:\/\/fmdelpueblo.ar\/index.php?rest_route=\/wp\/v2\/posts\/50686","targetHints":{"allow":["GET"]}}],"collection":[{"href":"http:\/\/fmdelpueblo.ar\/index.php?rest_route=\/wp\/v2\/posts"}],"about":[{"href":"http:\/\/fmdelpueblo.ar\/index.php?rest_route=\/wp\/v2\/types\/post"}],"replies":[{"embeddable":true,"href":"http:\/\/fmdelpueblo.ar\/index.php?rest_route=%2Fwp%2Fv2%2Fcomments&post=50686"}],"version-history":[{"count":0,"href":"http:\/\/fmdelpueblo.ar\/index.php?rest_route=\/wp\/v2\/posts\/50686\/revisions"}],"wp:attachment":[{"href":"http:\/\/fmdelpueblo.ar\/index.php?rest_route=%2Fwp%2Fv2%2Fmedia&parent=50686"}],"wp:term":[{"taxonomy":"category","embeddable":true,"href":"http:\/\/fmdelpueblo.ar\/index.php?rest_route=%2Fwp%2Fv2%2Fcategories&post=50686"},{"taxonomy":"post_tag","embeddable":true,"href":"http:\/\/fmdelpueblo.ar\/index.php?rest_route=%2Fwp%2Fv2%2Ftags&post=50686"}],"curies":[{"name":"wp","href":"https:\/\/api.w.org\/{rel}","templated":true}]}}