{"id":50685,"date":"2026-08-31T14:09:02","date_gmt":"2026-08-31T17:09:02","guid":{"rendered":"http:\/\/fmdelpueblo.ar\/?p=50685"},"modified":"2026-08-31T14:09:02","modified_gmt":"2026-08-31T17:09:02","slug":"detienen-en-palermo-al-abogado-de-capos-narcos-rosarinos-hacia-de-nexo-entre-su-cliente-sicarios-y-traficantes-de-cocaina","status":"publish","type":"post","link":"http:\/\/fmdelpueblo.ar\/?p=50685","title":{"rendered":"Detienen en Palermo al abogado de capos narcos rosarinos: hac\u00eda de nexo entre su cliente, sicarios y traficantes de coca\u00edna"},"content":{"rendered":"<p>Mart\u00edn Castillo defiende, entre otros, al capo rosarino Claudio Javier \u00abMorocho\u00bb Mansilla, que en 2023 intent\u00f3 escaparse de la c\u00e1rcel de Ezeiza en helic\u00f3ptero junto a Esteban Lindor Alvarado.Aunque est\u00e1 encerrado en Marcos Paz bajo el sistema de Alto Riesgo, Mansilla puede hablar las veces que quiera con su abogado porque lo ampara la ley. Usaba esto para hacer encargos a su banda.<\/p>","protected":false},"excerpt":{"rendered":"<p>Mart\u00edn Castillo defiende, entre otros, al capo rosarino Claudio Javier \u00abMorocho\u00bb Mansilla, que en 2023 intent\u00f3 escaparse de la c\u00e1rcel de Ezeiza en helic\u00f3ptero junto a Esteban Lindor Alvarado.Aunque est\u00e1 encerrado en Marcos Paz bajo el sistema de Alto Riesgo, Mansilla puede hablar las veces que quiera con su abogado porque lo ampara la ley. [&hellip;]<\/p>\n","protected":false},"author":0,"featured_media":0,"comment_status":"","ping_status":"","sticky":false,"template":"","format":"standard","meta":{"footnotes":""},"categories":[1],"tags":[],"class_list":["post-50685","post","type-post","status-publish","format-standard","has-post-thumbnail","hentry","category-sin-categoria"],"_links":{"self":[{"href":"http:\/\/fmdelpueblo.ar\/index.php?rest_route=\/wp\/v2\/posts\/50685","targetHints":{"allow":["GET"]}}],"collection":[{"href":"http:\/\/fmdelpueblo.ar\/index.php?rest_route=\/wp\/v2\/posts"}],"about":[{"href":"http:\/\/fmdelpueblo.ar\/index.php?rest_route=\/wp\/v2\/types\/post"}],"replies":[{"embeddable":true,"href":"http:\/\/fmdelpueblo.ar\/index.php?rest_route=%2Fwp%2Fv2%2Fcomments&post=50685"}],"version-history":[{"count":0,"href":"http:\/\/fmdelpueblo.ar\/index.php?rest_route=\/wp\/v2\/posts\/50685\/revisions"}],"wp:attachment":[{"href":"http:\/\/fmdelpueblo.ar\/index.php?rest_route=%2Fwp%2Fv2%2Fmedia&parent=50685"}],"wp:term":[{"taxonomy":"category","embeddable":true,"href":"http:\/\/fmdelpueblo.ar\/index.php?rest_route=%2Fwp%2Fv2%2Fcategories&post=50685"},{"taxonomy":"post_tag","embeddable":true,"href":"http:\/\/fmdelpueblo.ar\/index.php?rest_route=%2Fwp%2Fv2%2Ftags&post=50685"}],"curies":[{"name":"wp","href":"https:\/\/api.w.org\/{rel}","templated":true}]}}