{"id":50684,"date":"2026-08-31T14:09:01","date_gmt":"2026-08-31T17:09:01","guid":{"rendered":"http:\/\/fmdelpueblo.ar\/?p=50684"},"modified":"2026-08-31T14:09:01","modified_gmt":"2026-08-31T17:09:01","slug":"audiencia-clave-por-el-cuadro-robado-por-los-nazis-que-pidio-la-hija-del-jerarca-de-adolf-hitler","status":"publish","type":"post","link":"http:\/\/fmdelpueblo.ar\/?p=50684","title":{"rendered":"Audiencia clave por el cuadro robado por los nazis: qu\u00e9 pidi\u00f3 la hija del jerarca de Adolf Hitler"},"content":{"rendered":"<p>Este viernes, se realizar\u00e1 una audiencia que podr\u00eda resolver el destino del \u00abRetrato de una dama\u00bb. Patricia Kadgien, que lo ten\u00eda en su casa, solicit\u00f3 una probation para no ir a juicio. El caso es in\u00e9dito en la historia judicial argentina.  <\/p>","protected":false},"excerpt":{"rendered":"<p>Este viernes, se realizar\u00e1 una audiencia que podr\u00eda resolver el destino del \u00abRetrato de una dama\u00bb. Patricia Kadgien, que lo ten\u00eda en su casa, solicit\u00f3 una probation para no ir a juicio. El caso es in\u00e9dito en la historia judicial argentina.<\/p>\n","protected":false},"author":0,"featured_media":0,"comment_status":"","ping_status":"","sticky":false,"template":"","format":"standard","meta":{"footnotes":""},"categories":[1],"tags":[],"class_list":["post-50684","post","type-post","status-publish","format-standard","has-post-thumbnail","hentry","category-sin-categoria"],"_links":{"self":[{"href":"http:\/\/fmdelpueblo.ar\/index.php?rest_route=\/wp\/v2\/posts\/50684","targetHints":{"allow":["GET"]}}],"collection":[{"href":"http:\/\/fmdelpueblo.ar\/index.php?rest_route=\/wp\/v2\/posts"}],"about":[{"href":"http:\/\/fmdelpueblo.ar\/index.php?rest_route=\/wp\/v2\/types\/post"}],"replies":[{"embeddable":true,"href":"http:\/\/fmdelpueblo.ar\/index.php?rest_route=%2Fwp%2Fv2%2Fcomments&post=50684"}],"version-history":[{"count":0,"href":"http:\/\/fmdelpueblo.ar\/index.php?rest_route=\/wp\/v2\/posts\/50684\/revisions"}],"wp:attachment":[{"href":"http:\/\/fmdelpueblo.ar\/index.php?rest_route=%2Fwp%2Fv2%2Fmedia&parent=50684"}],"wp:term":[{"taxonomy":"category","embeddable":true,"href":"http:\/\/fmdelpueblo.ar\/index.php?rest_route=%2Fwp%2Fv2%2Fcategories&post=50684"},{"taxonomy":"post_tag","embeddable":true,"href":"http:\/\/fmdelpueblo.ar\/index.php?rest_route=%2Fwp%2Fv2%2Ftags&post=50684"}],"curies":[{"name":"wp","href":"https:\/\/api.w.org\/{rel}","templated":true}]}}