{"id":50683,"date":"2026-08-31T14:09:00","date_gmt":"2026-08-31T17:09:00","guid":{"rendered":"http:\/\/fmdelpueblo.ar\/?p=50683"},"modified":"2026-08-31T14:09:00","modified_gmt":"2026-08-31T17:09:00","slug":"muchas-gracias-hombre-imposible-el-mensaje-de-javier-milei-para-leo-messi-tras-su-retiro-de-la-seleccion-argentina","status":"publish","type":"post","link":"http:\/\/fmdelpueblo.ar\/?p=50683","title":{"rendered":"\u00abMuchas gracias, hombre imposible\u00bb: el mensaje de Javier Milei para Leo Messi tras su retiro de la Selecci\u00f3n Argentina"},"content":{"rendered":"<p>El Presidente comparti\u00f3 una publicaci\u00f3n en su cuenta de Instagram tras el anuncio del futbolista.\u00bbMe vaci\u00e9, ya no tengo m\u00e1s para dar\u201d, dijo Messi en sus redes sociales tras 20 a\u00f1os vistiendo la camiseta albiceleste.<\/p>","protected":false},"excerpt":{"rendered":"<p>El Presidente comparti\u00f3 una publicaci\u00f3n en su cuenta de Instagram tras el anuncio del futbolista.\u00bbMe vaci\u00e9, ya no tengo m\u00e1s para dar\u201d, dijo Messi en sus redes sociales tras 20 a\u00f1os vistiendo la camiseta albiceleste.<\/p>\n","protected":false},"author":0,"featured_media":0,"comment_status":"","ping_status":"","sticky":false,"template":"","format":"standard","meta":{"footnotes":""},"categories":[1],"tags":[],"class_list":["post-50683","post","type-post","status-publish","format-standard","has-post-thumbnail","hentry","category-sin-categoria"],"_links":{"self":[{"href":"http:\/\/fmdelpueblo.ar\/index.php?rest_route=\/wp\/v2\/posts\/50683","targetHints":{"allow":["GET"]}}],"collection":[{"href":"http:\/\/fmdelpueblo.ar\/index.php?rest_route=\/wp\/v2\/posts"}],"about":[{"href":"http:\/\/fmdelpueblo.ar\/index.php?rest_route=\/wp\/v2\/types\/post"}],"replies":[{"embeddable":true,"href":"http:\/\/fmdelpueblo.ar\/index.php?rest_route=%2Fwp%2Fv2%2Fcomments&post=50683"}],"version-history":[{"count":0,"href":"http:\/\/fmdelpueblo.ar\/index.php?rest_route=\/wp\/v2\/posts\/50683\/revisions"}],"wp:attachment":[{"href":"http:\/\/fmdelpueblo.ar\/index.php?rest_route=%2Fwp%2Fv2%2Fmedia&parent=50683"}],"wp:term":[{"taxonomy":"category","embeddable":true,"href":"http:\/\/fmdelpueblo.ar\/index.php?rest_route=%2Fwp%2Fv2%2Fcategories&post=50683"},{"taxonomy":"post_tag","embeddable":true,"href":"http:\/\/fmdelpueblo.ar\/index.php?rest_route=%2Fwp%2Fv2%2Ftags&post=50683"}],"curies":[{"name":"wp","href":"https:\/\/api.w.org\/{rel}","templated":true}]}}