{"id":50682,"date":"2026-08-31T14:08:59","date_gmt":"2026-08-31T17:08:59","guid":{"rendered":"http:\/\/fmdelpueblo.ar\/?p=50682"},"modified":"2026-08-31T14:08:59","modified_gmt":"2026-08-31T17:08:59","slug":"messi-y-la-trama-ya-no-tan-secreta-de-su-primera-vez-con-la-seleccion-el-partido-que-se-armo-de-apuro-para-que-espana-no-se-llevara-al-mejor-de-todos","status":"publish","type":"post","link":"http:\/\/fmdelpueblo.ar\/?p=50682","title":{"rendered":"Messi y la trama ya no tan secreta de su primera vez con la Selecci\u00f3n: el partido que se arm\u00f3 de apuro para que Espa\u00f1a no se llevara al mejor de todos"},"content":{"rendered":"<p>Jos\u00e9 Pekerman lo descubri\u00f3 en un partido de juveniles del Barcelona y recibi\u00f3 una respuesta que despej\u00f3 cualquier duda: \u201cYo estoy muy agradecido a Barcelona, pero yo soy argentino\u201d.Hugo Tocalli puso en marcha el operativo y Omar Souto rastre\u00f3 a la familia desde un locutorio de Monte Grande. El 29 de junio de 2004, en la cancha de Argentinos, empez\u00f3 una historia que ahora lleg\u00f3 a su final.<\/p>","protected":false},"excerpt":{"rendered":"<p>Jos\u00e9 Pekerman lo descubri\u00f3 en un partido de juveniles del Barcelona y recibi\u00f3 una respuesta que despej\u00f3 cualquier duda: \u201cYo estoy muy agradecido a Barcelona, pero yo soy argentino\u201d.Hugo Tocalli puso en marcha el operativo y Omar Souto rastre\u00f3 a la familia desde un locutorio de Monte Grande. El 29 de junio de 2004, en [&hellip;]<\/p>\n","protected":false},"author":0,"featured_media":0,"comment_status":"","ping_status":"","sticky":false,"template":"","format":"standard","meta":{"footnotes":""},"categories":[1],"tags":[],"class_list":["post-50682","post","type-post","status-publish","format-standard","has-post-thumbnail","hentry","category-sin-categoria"],"_links":{"self":[{"href":"http:\/\/fmdelpueblo.ar\/index.php?rest_route=\/wp\/v2\/posts\/50682","targetHints":{"allow":["GET"]}}],"collection":[{"href":"http:\/\/fmdelpueblo.ar\/index.php?rest_route=\/wp\/v2\/posts"}],"about":[{"href":"http:\/\/fmdelpueblo.ar\/index.php?rest_route=\/wp\/v2\/types\/post"}],"replies":[{"embeddable":true,"href":"http:\/\/fmdelpueblo.ar\/index.php?rest_route=%2Fwp%2Fv2%2Fcomments&post=50682"}],"version-history":[{"count":0,"href":"http:\/\/fmdelpueblo.ar\/index.php?rest_route=\/wp\/v2\/posts\/50682\/revisions"}],"wp:attachment":[{"href":"http:\/\/fmdelpueblo.ar\/index.php?rest_route=%2Fwp%2Fv2%2Fmedia&parent=50682"}],"wp:term":[{"taxonomy":"category","embeddable":true,"href":"http:\/\/fmdelpueblo.ar\/index.php?rest_route=%2Fwp%2Fv2%2Fcategories&post=50682"},{"taxonomy":"post_tag","embeddable":true,"href":"http:\/\/fmdelpueblo.ar\/index.php?rest_route=%2Fwp%2Fv2%2Ftags&post=50682"}],"curies":[{"name":"wp","href":"https:\/\/api.w.org\/{rel}","templated":true}]}}