{"id":50679,"date":"2026-08-31T13:09:04","date_gmt":"2026-08-31T16:09:04","guid":{"rendered":"https:\/\/fmdelpueblo.ar\/?p=50679"},"modified":"2026-08-31T13:09:04","modified_gmt":"2026-08-31T16:09:04","slug":"el-emotivo-video-de-despedida-de-lionel-messi-de-la-seleccion-argentina-la-cancion-que-eligio-y-la-frase-que-marco-su-carrera","status":"publish","type":"post","link":"http:\/\/fmdelpueblo.ar\/?p=50679","title":{"rendered":"El emotivo video de despedida de Lionel Messi de la Selecci\u00f3n Argentina: la canci\u00f3n que eligi\u00f3 y la frase que marc\u00f3 su carrera"},"content":{"rendered":"<p>El capit\u00e1n de la Albiceleste anunci\u00f3 que no jugar\u00e1 m\u00e1s en el seleccionado.Mir\u00e1 el video.<\/p>","protected":false},"excerpt":{"rendered":"<p>El capit\u00e1n de la Albiceleste anunci\u00f3 que no jugar\u00e1 m\u00e1s en el seleccionado.Mir\u00e1 el video.<\/p>\n","protected":false},"author":0,"featured_media":0,"comment_status":"","ping_status":"","sticky":false,"template":"","format":"standard","meta":{"footnotes":""},"categories":[1],"tags":[],"class_list":["post-50679","post","type-post","status-publish","format-standard","has-post-thumbnail","hentry","category-sin-categoria"],"_links":{"self":[{"href":"http:\/\/fmdelpueblo.ar\/index.php?rest_route=\/wp\/v2\/posts\/50679","targetHints":{"allow":["GET"]}}],"collection":[{"href":"http:\/\/fmdelpueblo.ar\/index.php?rest_route=\/wp\/v2\/posts"}],"about":[{"href":"http:\/\/fmdelpueblo.ar\/index.php?rest_route=\/wp\/v2\/types\/post"}],"replies":[{"embeddable":true,"href":"http:\/\/fmdelpueblo.ar\/index.php?rest_route=%2Fwp%2Fv2%2Fcomments&post=50679"}],"version-history":[{"count":0,"href":"http:\/\/fmdelpueblo.ar\/index.php?rest_route=\/wp\/v2\/posts\/50679\/revisions"}],"wp:attachment":[{"href":"http:\/\/fmdelpueblo.ar\/index.php?rest_route=%2Fwp%2Fv2%2Fmedia&parent=50679"}],"wp:term":[{"taxonomy":"category","embeddable":true,"href":"http:\/\/fmdelpueblo.ar\/index.php?rest_route=%2Fwp%2Fv2%2Fcategories&post=50679"},{"taxonomy":"post_tag","embeddable":true,"href":"http:\/\/fmdelpueblo.ar\/index.php?rest_route=%2Fwp%2Fv2%2Ftags&post=50679"}],"curies":[{"name":"wp","href":"https:\/\/api.w.org\/{rel}","templated":true}]}}