{"id":50670,"date":"2026-08-31T12:09:00","date_gmt":"2026-08-31T15:09:00","guid":{"rendered":"https:\/\/fmdelpueblo.ar\/?p=50670"},"modified":"2026-08-31T12:09:00","modified_gmt":"2026-08-31T15:09:00","slug":"galliano-renuncia-a-la-muestra-que-el-met-iba-a-dedicarle-tras-criticas-por-antisemitismo","status":"publish","type":"post","link":"http:\/\/fmdelpueblo.ar\/?p=50670","title":{"rendered":"Galliano renuncia a la muestra que el Met iba a dedicarle tras cr\u00edticas por antisemitismo"},"content":{"rendered":"<p>El creador brit\u00e1nico decide no formar parte de la muestra del Met tras cr\u00edticas de l\u00edderes jud\u00edos por viejos comentarios ofensivos.El museo neoyorquino anunciar\u00e1 una nueva exhibici\u00f3n para la gala, mientras Galliano lamenta que su homenaje cause dolor.<\/p>","protected":false},"excerpt":{"rendered":"<p>El creador brit\u00e1nico decide no formar parte de la muestra del Met tras cr\u00edticas de l\u00edderes jud\u00edos por viejos comentarios ofensivos.El museo neoyorquino anunciar\u00e1 una nueva exhibici\u00f3n para la gala, mientras Galliano lamenta que su homenaje cause dolor.<\/p>\n","protected":false},"author":0,"featured_media":0,"comment_status":"","ping_status":"","sticky":false,"template":"","format":"standard","meta":{"footnotes":""},"categories":[1],"tags":[],"class_list":["post-50670","post","type-post","status-publish","format-standard","has-post-thumbnail","hentry","category-sin-categoria"],"_links":{"self":[{"href":"http:\/\/fmdelpueblo.ar\/index.php?rest_route=\/wp\/v2\/posts\/50670","targetHints":{"allow":["GET"]}}],"collection":[{"href":"http:\/\/fmdelpueblo.ar\/index.php?rest_route=\/wp\/v2\/posts"}],"about":[{"href":"http:\/\/fmdelpueblo.ar\/index.php?rest_route=\/wp\/v2\/types\/post"}],"replies":[{"embeddable":true,"href":"http:\/\/fmdelpueblo.ar\/index.php?rest_route=%2Fwp%2Fv2%2Fcomments&post=50670"}],"version-history":[{"count":0,"href":"http:\/\/fmdelpueblo.ar\/index.php?rest_route=\/wp\/v2\/posts\/50670\/revisions"}],"wp:attachment":[{"href":"http:\/\/fmdelpueblo.ar\/index.php?rest_route=%2Fwp%2Fv2%2Fmedia&parent=50670"}],"wp:term":[{"taxonomy":"category","embeddable":true,"href":"http:\/\/fmdelpueblo.ar\/index.php?rest_route=%2Fwp%2Fv2%2Fcategories&post=50670"},{"taxonomy":"post_tag","embeddable":true,"href":"http:\/\/fmdelpueblo.ar\/index.php?rest_route=%2Fwp%2Fv2%2Ftags&post=50670"}],"curies":[{"name":"wp","href":"https:\/\/api.w.org\/{rel}","templated":true}]}}