{"id":50665,"date":"2026-08-31T12:08:57","date_gmt":"2026-08-31T15:08:57","guid":{"rendered":"https:\/\/fmdelpueblo.ar\/?p=50665"},"modified":"2026-08-31T12:08:57","modified_gmt":"2026-08-31T15:08:57","slug":"subte-mas-caro-desde-septiembre-cuanto-costara-el-boleto-y-por-que-algunos-pagaran-mas-de-2-500","status":"publish","type":"post","link":"http:\/\/fmdelpueblo.ar\/?p=50665","title":{"rendered":"Subte m\u00e1s caro desde septiembre: cu\u00e1nto costar\u00e1 el boleto y por qu\u00e9 algunos pagar\u00e1n m\u00e1s de $2.500"},"content":{"rendered":"<p>La medida fue oficializada por el Gobierno porte\u00f1o. El cuadro tarifario contempla distintos valores seg\u00fan cada pasajero.<\/p>","protected":false},"excerpt":{"rendered":"<p>La medida fue oficializada por el Gobierno porte\u00f1o. El cuadro tarifario contempla distintos valores seg\u00fan cada pasajero.<\/p>\n","protected":false},"author":0,"featured_media":0,"comment_status":"","ping_status":"","sticky":false,"template":"","format":"standard","meta":{"footnotes":""},"categories":[1],"tags":[],"class_list":["post-50665","post","type-post","status-publish","format-standard","has-post-thumbnail","hentry","category-sin-categoria"],"_links":{"self":[{"href":"http:\/\/fmdelpueblo.ar\/index.php?rest_route=\/wp\/v2\/posts\/50665","targetHints":{"allow":["GET"]}}],"collection":[{"href":"http:\/\/fmdelpueblo.ar\/index.php?rest_route=\/wp\/v2\/posts"}],"about":[{"href":"http:\/\/fmdelpueblo.ar\/index.php?rest_route=\/wp\/v2\/types\/post"}],"replies":[{"embeddable":true,"href":"http:\/\/fmdelpueblo.ar\/index.php?rest_route=%2Fwp%2Fv2%2Fcomments&post=50665"}],"version-history":[{"count":0,"href":"http:\/\/fmdelpueblo.ar\/index.php?rest_route=\/wp\/v2\/posts\/50665\/revisions"}],"wp:attachment":[{"href":"http:\/\/fmdelpueblo.ar\/index.php?rest_route=%2Fwp%2Fv2%2Fmedia&parent=50665"}],"wp:term":[{"taxonomy":"category","embeddable":true,"href":"http:\/\/fmdelpueblo.ar\/index.php?rest_route=%2Fwp%2Fv2%2Fcategories&post=50665"},{"taxonomy":"post_tag","embeddable":true,"href":"http:\/\/fmdelpueblo.ar\/index.php?rest_route=%2Fwp%2Fv2%2Ftags&post=50665"}],"curies":[{"name":"wp","href":"https:\/\/api.w.org\/{rel}","templated":true}]}}