{"id":50664,"date":"2026-08-31T12:08:57","date_gmt":"2026-08-31T15:08:57","guid":{"rendered":"https:\/\/fmdelpueblo.ar\/?p=50664"},"modified":"2026-08-31T12:08:57","modified_gmt":"2026-08-31T15:08:57","slug":"hotesur-los-sauces-semana-clave-para-definir-cuando-se-sentaran-en-el-banquillo-de-los-acusados-cristina-y-maximo-kirchner","status":"publish","type":"post","link":"http:\/\/fmdelpueblo.ar\/?p=50664","title":{"rendered":"Hotesur-Los Sauces: Semana clave para definir cu\u00e1ndo se sentar\u00e1n en el banquillo de los acusados Cristina y M\u00e1ximo Kirchner"},"content":{"rendered":"<p>Es el demorado juicio por lavado de dinero con las dos empresas de la familia expresidencial.El jueves habr\u00e1 una audiencia ante el TOF 5.En las audiencias por los dos casos, que se juzgar\u00e1n juntos, desfilar\u00e1n 300 testigos.<\/p>","protected":false},"excerpt":{"rendered":"<p>Es el demorado juicio por lavado de dinero con las dos empresas de la familia expresidencial.El jueves habr\u00e1 una audiencia ante el TOF 5.En las audiencias por los dos casos, que se juzgar\u00e1n juntos, desfilar\u00e1n 300 testigos.<\/p>\n","protected":false},"author":0,"featured_media":0,"comment_status":"","ping_status":"","sticky":false,"template":"","format":"standard","meta":{"footnotes":""},"categories":[1],"tags":[],"class_list":["post-50664","post","type-post","status-publish","format-standard","has-post-thumbnail","hentry","category-sin-categoria"],"_links":{"self":[{"href":"http:\/\/fmdelpueblo.ar\/index.php?rest_route=\/wp\/v2\/posts\/50664","targetHints":{"allow":["GET"]}}],"collection":[{"href":"http:\/\/fmdelpueblo.ar\/index.php?rest_route=\/wp\/v2\/posts"}],"about":[{"href":"http:\/\/fmdelpueblo.ar\/index.php?rest_route=\/wp\/v2\/types\/post"}],"replies":[{"embeddable":true,"href":"http:\/\/fmdelpueblo.ar\/index.php?rest_route=%2Fwp%2Fv2%2Fcomments&post=50664"}],"version-history":[{"count":0,"href":"http:\/\/fmdelpueblo.ar\/index.php?rest_route=\/wp\/v2\/posts\/50664\/revisions"}],"wp:attachment":[{"href":"http:\/\/fmdelpueblo.ar\/index.php?rest_route=%2Fwp%2Fv2%2Fmedia&parent=50664"}],"wp:term":[{"taxonomy":"category","embeddable":true,"href":"http:\/\/fmdelpueblo.ar\/index.php?rest_route=%2Fwp%2Fv2%2Fcategories&post=50664"},{"taxonomy":"post_tag","embeddable":true,"href":"http:\/\/fmdelpueblo.ar\/index.php?rest_route=%2Fwp%2Fv2%2Ftags&post=50664"}],"curies":[{"name":"wp","href":"https:\/\/api.w.org\/{rel}","templated":true}]}}