{"id":50663,"date":"2026-08-31T12:08:56","date_gmt":"2026-08-31T15:08:56","guid":{"rendered":"https:\/\/fmdelpueblo.ar\/?p=50663"},"modified":"2026-08-31T12:08:56","modified_gmt":"2026-08-31T15:08:56","slug":"avanza-el-primer-proyecto-de-cobre-refinado-obtuvo-us-240-millones-de-financiamiento-y-construira-una-linea-electrica-propia","status":"publish","type":"post","link":"http:\/\/fmdelpueblo.ar\/?p=50663","title":{"rendered":"Avanza el primer proyecto de cobre refinado: obtuvo US$ 240 millones de financiamiento y construir\u00e1 una l\u00ednea el\u00e9ctrica propia"},"content":{"rendered":"<p>Los Azules, en San Juan, es un proyecto del RIGI por US$ 2.700 millones. La empresa decidir\u00e1 su inversi\u00f3n final a mediados de 2027.Planea construir infraestructura el\u00e9ctrica por US$ 300 millones.<\/p>","protected":false},"excerpt":{"rendered":"<p>Los Azules, en San Juan, es un proyecto del RIGI por US$ 2.700 millones. La empresa decidir\u00e1 su inversi\u00f3n final a mediados de 2027.Planea construir infraestructura el\u00e9ctrica por US$ 300 millones.<\/p>\n","protected":false},"author":0,"featured_media":0,"comment_status":"","ping_status":"","sticky":false,"template":"","format":"standard","meta":{"footnotes":""},"categories":[1],"tags":[],"class_list":["post-50663","post","type-post","status-publish","format-standard","has-post-thumbnail","hentry","category-sin-categoria"],"_links":{"self":[{"href":"http:\/\/fmdelpueblo.ar\/index.php?rest_route=\/wp\/v2\/posts\/50663","targetHints":{"allow":["GET"]}}],"collection":[{"href":"http:\/\/fmdelpueblo.ar\/index.php?rest_route=\/wp\/v2\/posts"}],"about":[{"href":"http:\/\/fmdelpueblo.ar\/index.php?rest_route=\/wp\/v2\/types\/post"}],"replies":[{"embeddable":true,"href":"http:\/\/fmdelpueblo.ar\/index.php?rest_route=%2Fwp%2Fv2%2Fcomments&post=50663"}],"version-history":[{"count":0,"href":"http:\/\/fmdelpueblo.ar\/index.php?rest_route=\/wp\/v2\/posts\/50663\/revisions"}],"wp:attachment":[{"href":"http:\/\/fmdelpueblo.ar\/index.php?rest_route=%2Fwp%2Fv2%2Fmedia&parent=50663"}],"wp:term":[{"taxonomy":"category","embeddable":true,"href":"http:\/\/fmdelpueblo.ar\/index.php?rest_route=%2Fwp%2Fv2%2Fcategories&post=50663"},{"taxonomy":"post_tag","embeddable":true,"href":"http:\/\/fmdelpueblo.ar\/index.php?rest_route=%2Fwp%2Fv2%2Ftags&post=50663"}],"curies":[{"name":"wp","href":"https:\/\/api.w.org\/{rel}","templated":true}]}}